{"id":112966,"date":"2025-10-16T10:08:09","date_gmt":"2025-10-16T10:08:09","guid":{"rendered":"https:\/\/www.europesays.com\/pt\/112966\/"},"modified":"2025-10-16T10:08:09","modified_gmt":"2025-10-16T10:08:09","slug":"revelada-a-causa-da-morte-de-diane-keaton","status":"publish","type":"post","link":"https:\/\/www.europesays.com\/pt\/112966\/","title":{"rendered":"Revelada a causa da morte de Diane Keaton"},"content":{"rendered":"<p class=\"category\"><a href=\"https:\/\/sicnoticias.pt\/cultura\/cinema\" rel=\"nofollow noopener\" target=\"_blank\">Cinema<\/a><\/p>\n<p>A fam\u00edlia de Diane Keaton quebrou o sil\u00eancio e revelou as causas de morte da atriz norte-americana. Keaton ficou famosa pelo papel em &#8220;O Padrinho&#8221; e ganhou o \u00d3scar de Melhor Atriz por &#8220;Annie Hall&#8221;.<\/p>\n<p><img decoding=\"async\" src=\"https:\/\/www.europesays.com\/pt\/wp-content\/uploads\/2025\/10\/1760609289_493_original.webp\" alt=\"Revelada a causa da morte de Diane Keaton \"\/><\/p>\n<p>Mario Anzuoni<\/p>\n<p><strong>A fam\u00edlia de Diane Keaton revelou esta quinta-feira a causa da morte da atriz norte-americana, que faleceu no passado s\u00e1bado, na Calif\u00f3rnia, aos 79 anos. <\/strong><\/p>\n<p>A revela\u00e7\u00e3o \u00e9 feita pela revista <a href=\"https:\/\/people.com\/diane-keaton-family-confirms-cause-of-death-grateful-support-11828660\" target=\"_blank\" rel=\"noopener noreferrer nofollow\">People<\/a>. Numa declara\u00e7\u00e3o exclusiva, a fam\u00edlia da atriz vencedora de um \u00d3scar revelou que <a href=\"https:\/\/sicnoticias.pt\/cultura\/2025-10-11-morreu-a-atriz-diane-keaton-aos-79-anos-6c9be84d\" target=\"_blank\" rel=\"noopener noreferrer nofollow\">Diana Keaton morreu<\/a> com uma pneumonia no dia 11 de outubro. Aos f\u00e3s, os familiares deixaram uma mensagem de agradecimento pelo apoio que t\u00eam recebido. <\/p>\n<blockquote><p>&#8220;A fam\u00edlia Keaton est\u00e1 muito grata pelas mensagens de amor e apoio que t\u00eam recebido nos \u00faltimos dias em nome da querida Diane, que faleceu de pneumonia a 11 de outubro&#8221;, l\u00ea-se na declara\u00e7\u00e3o.<\/p><\/blockquote>\n<p>Nascida em Los Angeles em 1946, Diane Keaton alcan\u00e7ou o estrelato em 1970, com o papel de Kay Corleone em &#8220;O Padrinho&#8221;, mas foi a participa\u00e7\u00e3o em &#8220;Annie Hall&#8221;, com\u00e9dia rom\u00e2ntica de 1977, que lhe valeu o \u00d3scar de Melhor Atriz.<\/p>\n<p>Entrou ainda em filmes como &#8220;Algu\u00e9m Tem de Ceder&#8221; &#8211; alcan\u00e7ado mais uma nomea\u00e7\u00e3o para \u00d3scar -,&#8221;O Clube das Divorciadas&#8221; e &#8220;O Pai da Noiva&#8221;.<\/p>\n<p>A atriz deixa dois filhos, com 25 e 29 anos.<\/p>\n","protected":false},"excerpt":{"rendered":"Cinema A fam\u00edlia de Diane Keaton quebrou o sil\u00eancio e revelou as causas de morte da atriz norte-americana.&hellip;\n","protected":false},"author":2,"featured_media":112967,"comment_status":"","ping_status":"","sticky":false,"template":"","format":"standard","meta":{"footnotes":""},"categories":[8],"tags":[27,28,15,16,14,25,26,21,22,12,13,19,20,32,23,24,33,17,18,29,30,31],"class_list":{"0":"post-112966","1":"post","2":"type-post","3":"status-publish","4":"format-standard","5":"has-post-thumbnail","7":"category-principais-noticias","8":"tag-breaking-news","9":"tag-breakingnews","10":"tag-featured-news","11":"tag-featurednews","12":"tag-headlines","13":"tag-latest-news","14":"tag-latestnews","15":"tag-main-news","16":"tag-mainnews","17":"tag-news","18":"tag-noticias","19":"tag-noticias-principais","20":"tag-noticiasprincipais","21":"tag-portugal","22":"tag-principais-noticias","23":"tag-principaisnoticias","24":"tag-pt","25":"tag-top-stories","26":"tag-topstories","27":"tag-ultimas","28":"tag-ultimas-noticias","29":"tag-ultimasnoticias"},"share_on_mastodon":{"url":"","error":""},"_links":{"self":[{"href":"https:\/\/www.europesays.com\/pt\/wp-json\/wp\/v2\/posts\/112966","targetHints":{"allow":["GET"]}}],"collection":[{"href":"https:\/\/www.europesays.com\/pt\/wp-json\/wp\/v2\/posts"}],"about":[{"href":"https:\/\/www.europesays.com\/pt\/wp-json\/wp\/v2\/types\/post"}],"author":[{"embeddable":true,"href":"https:\/\/www.europesays.com\/pt\/wp-json\/wp\/v2\/users\/2"}],"replies":[{"embeddable":true,"href":"https:\/\/www.europesays.com\/pt\/wp-json\/wp\/v2\/comments?post=112966"}],"version-history":[{"count":0,"href":"https:\/\/www.europesays.com\/pt\/wp-json\/wp\/v2\/posts\/112966\/revisions"}],"wp:featuredmedia":[{"embeddable":true,"href":"https:\/\/www.europesays.com\/pt\/wp-json\/wp\/v2\/media\/112967"}],"wp:attachment":[{"href":"https:\/\/www.europesays.com\/pt\/wp-json\/wp\/v2\/media?parent=112966"}],"wp:term":[{"taxonomy":"category","embeddable":true,"href":"https:\/\/www.europesays.com\/pt\/wp-json\/wp\/v2\/categories?post=112966"},{"taxonomy":"post_tag","embeddable":true,"href":"https:\/\/www.europesays.com\/pt\/wp-json\/wp\/v2\/tags?post=112966"}],"curies":[{"name":"wp","href":"https:\/\/api.w.org\/{rel}","templated":true}]}}