{"id":112988,"date":"2025-10-16T10:27:13","date_gmt":"2025-10-16T10:27:13","guid":{"rendered":"https:\/\/www.europesays.com\/pt\/112988\/"},"modified":"2025-10-16T10:27:13","modified_gmt":"2025-10-16T10:27:13","slug":"jose-mourinho-recebe-cinco-reforcos-mas-ainda-faltam-tres-internacionais-o-ponto-da-situacao","status":"publish","type":"post","link":"https:\/\/www.europesays.com\/pt\/112988\/","title":{"rendered":"Jos\u00e9 Mourinho recebe cinco &#8216;refor\u00e7os&#8217; mas ainda faltam tr\u00eas internacionais: o ponto da situa\u00e7\u00e3o"},"content":{"rendered":"<p>O plantel do Benfica realizou na tarde desta quarta-feiar novo treino de prepara\u00e7\u00e3o para a estreia na Ta\u00e7a de Portugal, marcado para sexta-feira, em Chaves. Jos\u00e9 Mourinho viu cinco internacionais apresentarem-se ao servi\u00e7o, mas ainda faltam tr\u00eas.<\/p>\n<p>Ant\u00f3nio Silva, Gon\u00e7alo Oliveira, Obrador, Leandro Barreiro e\u00a0Lukebakio foram os jogadores que se juntaram ao grupo, no Benfica Campus. Por sua vez, Schjelderup, Otamendi e R\u00edos ainda estiveram ausentes.<\/p>\n<p>Na ter\u00e7a-feira, Trubin, Dedic, Leandro Santos, Wynder, Jo\u00e3o Veloso, Jo\u00e3o Rego, Sudakov, Ivanovic e Pavlidis j\u00e1 tinham trabalhado no Seixal.<\/p>\n<p>Os encarnados viajam amanh\u00e3 para Tr\u00e1s-os-Monte, seguindo de avi\u00e3o at\u00e9 ao Porto. O resto do percurso ser\u00e1 feito de autocarro. O encontro da 3.\u00aa eliminat\u00f3ria est\u00e1 marcado para as 19h30 de sexta-feira.<\/p>\n","protected":false},"excerpt":{"rendered":"O plantel do Benfica realizou na tarde desta quarta-feiar novo treino de prepara\u00e7\u00e3o para a estreia na Ta\u00e7a&hellip;\n","protected":false},"author":2,"featured_media":112989,"comment_status":"","ping_status":"","sticky":false,"template":"","format":"standard","meta":{"footnotes":""},"categories":[8],"tags":[27,28,15,16,14,25,26,21,22,12,13,19,20,32,23,24,33,17,18,29,30,31],"class_list":{"0":"post-112988","1":"post","2":"type-post","3":"status-publish","4":"format-standard","5":"has-post-thumbnail","7":"category-principais-noticias","8":"tag-breaking-news","9":"tag-breakingnews","10":"tag-featured-news","11":"tag-featurednews","12":"tag-headlines","13":"tag-latest-news","14":"tag-latestnews","15":"tag-main-news","16":"tag-mainnews","17":"tag-news","18":"tag-noticias","19":"tag-noticias-principais","20":"tag-noticiasprincipais","21":"tag-portugal","22":"tag-principais-noticias","23":"tag-principaisnoticias","24":"tag-pt","25":"tag-top-stories","26":"tag-topstories","27":"tag-ultimas","28":"tag-ultimas-noticias","29":"tag-ultimasnoticias"},"share_on_mastodon":{"url":"","error":""},"_links":{"self":[{"href":"https:\/\/www.europesays.com\/pt\/wp-json\/wp\/v2\/posts\/112988","targetHints":{"allow":["GET"]}}],"collection":[{"href":"https:\/\/www.europesays.com\/pt\/wp-json\/wp\/v2\/posts"}],"about":[{"href":"https:\/\/www.europesays.com\/pt\/wp-json\/wp\/v2\/types\/post"}],"author":[{"embeddable":true,"href":"https:\/\/www.europesays.com\/pt\/wp-json\/wp\/v2\/users\/2"}],"replies":[{"embeddable":true,"href":"https:\/\/www.europesays.com\/pt\/wp-json\/wp\/v2\/comments?post=112988"}],"version-history":[{"count":0,"href":"https:\/\/www.europesays.com\/pt\/wp-json\/wp\/v2\/posts\/112988\/revisions"}],"wp:featuredmedia":[{"embeddable":true,"href":"https:\/\/www.europesays.com\/pt\/wp-json\/wp\/v2\/media\/112989"}],"wp:attachment":[{"href":"https:\/\/www.europesays.com\/pt\/wp-json\/wp\/v2\/media?parent=112988"}],"wp:term":[{"taxonomy":"category","embeddable":true,"href":"https:\/\/www.europesays.com\/pt\/wp-json\/wp\/v2\/categories?post=112988"},{"taxonomy":"post_tag","embeddable":true,"href":"https:\/\/www.europesays.com\/pt\/wp-json\/wp\/v2\/tags?post=112988"}],"curies":[{"name":"wp","href":"https:\/\/api.w.org\/{rel}","templated":true}]}}