{"id":113004,"date":"2025-10-16T10:44:09","date_gmt":"2025-10-16T10:44:09","guid":{"rendered":"https:\/\/www.europesays.com\/pt\/113004\/"},"modified":"2025-10-16T10:44:09","modified_gmt":"2025-10-16T10:44:09","slug":"refem-libertado-pelo-hamas-come-chocolate-pela-primeira-vez-apos-dois-anos-em-cativeiro-veja-video","status":"publish","type":"post","link":"https:\/\/www.europesays.com\/pt\/113004\/","title":{"rendered":"Ref\u00e9m libertado pelo Hamas come chocolate pela primeira vez ap\u00f3s dois anos em cativeiro; veja v\u00eddeo"},"content":{"rendered":"\n<p class=\" content-text__container theme-color-primary-first-letter\" data-track-category=\"Link no Texto\" data-track-links=\"\"> Depois de dois anos em cativeiro nos t\u00faneis do Hamas, o israelense Guy Gilboa-Dalal reencontrou um s\u00edmbolo de liberdade na forma mais simples poss\u00edvel: uma bolinha de chocolate preparada por sua irm\u00e3, Gaya. O v\u00eddeo do momento, publicado pela fam\u00edlia, mostra Guy sorrindo e saboreando o doce enquanto \u00e9 levado de carro ao hospital durante seu primeiro contato com algo t\u00e3o cotidiano desde que foi sequestrado em 7 de outubro de 2023. <\/p>\n<ul class=\"content-unordered-list\">\n<li><strong>Israel <\/strong><a class=\"\" href=\"https:\/\/oglobo.globo.com\/mundo\/noticia\/2025\/10\/16\/israel-identifica-restos-mortais-de-dois-refens-devolvidos-pelo-hamas.ghtml\" rel=\"nofollow noopener\" target=\"_blank\">identifica restos mortais de dois ref\u00e9ns devolvidos pelo Hamas<\/a><\/li>\n<li><strong>Em Gaza,<\/strong> <a class=\"\" href=\"https:\/\/oglobo.globo.com\/mundo\/noticia\/2025\/10\/15\/em-gaza-50-milhoes-de-toneladas-de-escombros-e-falta-de-equipamentos-desafiam-busca-por-corpos-de-refens-israelenses-entenda.ghtml\" rel=\"nofollow noopener\" target=\"_blank\">50 milh\u00f5es de toneladas de escombros e falta de equipamentos desafiam busca por corpos de ref\u00e9ns israelenses; entenda<\/a><\/li>\n<\/ul>\n<p class=\" content-text__container \" data-track-category=\"Link no Texto\" data-track-links=\"\"> Guy foi mantido em cativeiro subterr\u00e2neo em Gaza, sob tortura f\u00edsica e psicol\u00f3gica, fome e isolamento total da luz solar, conforme relatou a fam\u00edlia em uma campanha de arrecada\u00e7\u00e3o de fundos lan\u00e7ada para financiar sua reabilita\u00e7\u00e3o. <\/p>\n<p class=\" content-text__container \" data-track-category=\"Link no Texto\" data-track-links=\"\"> Durante os dois anos de cativeiro, Guy esteve preso ao lado do amigo Evyatar David, outro ref\u00e9m libertado na troca recente entre Israel e Hamas. Eles foram separados um m\u00eas antes da liberta\u00e7\u00e3o, quando Guy foi levado para servir de escudo humano pelos sequestradores. Os dois se reencontraram no Hospital Beilinson, onde permanecem internados. <\/p>\n<p class=\" content-text__container \" data-track-category=\"Link no Texto\" data-track-links=\"\"> O irm\u00e3o de Guy relatou o espanto dele ao reencontrar o mundo moderno: \u2014 Mostrei a ele um v\u00eddeo criado com intelig\u00eancia artificial, e ele ficou em choque. Sabia o que era IA, mas n\u00e3o acreditava no quanto havia avan\u00e7ado. <\/p>\n","protected":false},"excerpt":{"rendered":"Depois de dois anos em cativeiro nos t\u00faneis do Hamas, o israelense Guy Gilboa-Dalal reencontrou um s\u00edmbolo de&hellip;\n","protected":false},"author":2,"featured_media":113005,"comment_status":"","ping_status":"","sticky":false,"template":"","format":"standard","meta":{"footnotes":""},"categories":[50],"tags":[27,28,15,16,319,14,25,26,21,22,62,12,13,19,20,23,24,318,17,18,29,30,31,63,64,65],"class_list":{"0":"post-113004","1":"post","2":"type-post","3":"status-publish","4":"format-standard","5":"has-post-thumbnail","7":"category-mundo","8":"tag-breaking-news","9":"tag-breakingnews","10":"tag-featured-news","11":"tag-featurednews","12":"tag-hard-news","13":"tag-headlines","14":"tag-latest-news","15":"tag-latestnews","16":"tag-main-news","17":"tag-mainnews","18":"tag-mundo","19":"tag-news","20":"tag-noticias","21":"tag-noticias-principais","22":"tag-noticiasprincipais","23":"tag-principais-noticias","24":"tag-principaisnoticias","25":"tag-radar","26":"tag-top-stories","27":"tag-topstories","28":"tag-ultimas","29":"tag-ultimas-noticias","30":"tag-ultimasnoticias","31":"tag-world","32":"tag-world-news","33":"tag-worldnews"},"share_on_mastodon":{"url":"","error":""},"_links":{"self":[{"href":"https:\/\/www.europesays.com\/pt\/wp-json\/wp\/v2\/posts\/113004","targetHints":{"allow":["GET"]}}],"collection":[{"href":"https:\/\/www.europesays.com\/pt\/wp-json\/wp\/v2\/posts"}],"about":[{"href":"https:\/\/www.europesays.com\/pt\/wp-json\/wp\/v2\/types\/post"}],"author":[{"embeddable":true,"href":"https:\/\/www.europesays.com\/pt\/wp-json\/wp\/v2\/users\/2"}],"replies":[{"embeddable":true,"href":"https:\/\/www.europesays.com\/pt\/wp-json\/wp\/v2\/comments?post=113004"}],"version-history":[{"count":0,"href":"https:\/\/www.europesays.com\/pt\/wp-json\/wp\/v2\/posts\/113004\/revisions"}],"wp:featuredmedia":[{"embeddable":true,"href":"https:\/\/www.europesays.com\/pt\/wp-json\/wp\/v2\/media\/113005"}],"wp:attachment":[{"href":"https:\/\/www.europesays.com\/pt\/wp-json\/wp\/v2\/media?parent=113004"}],"wp:term":[{"taxonomy":"category","embeddable":true,"href":"https:\/\/www.europesays.com\/pt\/wp-json\/wp\/v2\/categories?post=113004"},{"taxonomy":"post_tag","embeddable":true,"href":"https:\/\/www.europesays.com\/pt\/wp-json\/wp\/v2\/tags?post=113004"}],"curies":[{"name":"wp","href":"https:\/\/api.w.org\/{rel}","templated":true}]}}