{"id":113006,"date":"2025-10-16T10:45:10","date_gmt":"2025-10-16T10:45:10","guid":{"rendered":"https:\/\/www.europesays.com\/pt\/113006\/"},"modified":"2025-10-16T10:45:10","modified_gmt":"2025-10-16T10:45:10","slug":"filho-mata-a-mae-no-barreiro-e-barrica-se-em-casa","status":"publish","type":"post","link":"https:\/\/www.europesays.com\/pt\/113006\/","title":{"rendered":"Filho mata a m\u00e3e no Barreiro e barrica-se em casa"},"content":{"rendered":"<p>\t                Suspeito barricou-se depois de cometer o crime<\/p>\n<p>Um homem matou a pr\u00f3pria m\u00e3e durante a madrugada desta quinta-feira, em Santo Ant\u00f3nio da Charneca, no concelho do Barreiro. O crime ocorreu por volta da uma da manh\u00e3, tendo mobilizado v\u00e1rias patrulhas da GNR e equipas de negociadores.<\/p>\n<p>Ao que a CNN Portugal conseguiu apurar, o suspeito, que j\u00e1 tinha sido internado compulsivamente v\u00e1rias vezes por ordem das autoridades, barricou-se em casa ap\u00f3s o homic\u00eddio.<\/p>\n<p>O homem acabou por se entregar \u00e0 GNR cerca das 6:00.<\/p>\n<p>A CNN Portugal apurou ainda que o homem est\u00e1 diagnosticado com esquizofrenia, j\u00e1 esteve internado cerca de dez vezes na psiquiatria do Hospital do Barreiro e que j\u00e1 tinha amea\u00e7ado matar a m\u00e3e v\u00e1rias vezes.<\/p>\n<p>A Pol\u00edcia Judici\u00e1ria tomou conta da ocorr\u00eancia.<\/p>\n","protected":false},"excerpt":{"rendered":"Suspeito barricou-se depois de cometer o crime Um homem matou a pr\u00f3pria m\u00e3e durante a madrugada desta quinta-feira,&hellip;\n","protected":false},"author":2,"featured_media":113007,"comment_status":"","ping_status":"","sticky":false,"template":"","format":"standard","meta":{"footnotes":""},"categories":[10],"tags":[609,836,611,11974,27,28,607,608,333,832,604,135,610,476,15,16,301,830,14,603,25,26,570,21,22,831,833,62,834,12,13,19,20,835,602,2445,52,32,23,24,33,26622,17,18,29,30,31],"class_list":{"0":"post-113006","1":"post","2":"type-post","3":"status-publish","4":"format-standard","5":"has-post-thumbnail","7":"category-portugal","8":"tag-alerta","9":"tag-analise","10":"tag-ao-minuto","11":"tag-barreiro","12":"tag-breaking-news","13":"tag-breakingnews","14":"tag-cnn","15":"tag-cnn-portugal","16":"tag-comentadores","17":"tag-costa","18":"tag-crime","19":"tag-desporto","20":"tag-direto","21":"tag-economia","22":"tag-featured-news","23":"tag-featurednews","24":"tag-governo","25":"tag-guerra","26":"tag-headlines","27":"tag-justica","28":"tag-latest-news","29":"tag-latestnews","30":"tag-live","31":"tag-main-news","32":"tag-mainnews","33":"tag-mais-vistas","34":"tag-marcelo","35":"tag-mundo","36":"tag-negocios","37":"tag-news","38":"tag-noticias","39":"tag-noticias-principais","40":"tag-noticiasprincipais","41":"tag-opiniao","42":"tag-pais","43":"tag-policia-judiciaria","44":"tag-politica","45":"tag-portugal","46":"tag-principais-noticias","47":"tag-principaisnoticias","48":"tag-pt","49":"tag-santo-antonio-da-charneca","50":"tag-top-stories","51":"tag-topstories","52":"tag-ultimas","53":"tag-ultimas-noticias","54":"tag-ultimasnoticias"},"share_on_mastodon":{"url":"","error":""},"_links":{"self":[{"href":"https:\/\/www.europesays.com\/pt\/wp-json\/wp\/v2\/posts\/113006","targetHints":{"allow":["GET"]}}],"collection":[{"href":"https:\/\/www.europesays.com\/pt\/wp-json\/wp\/v2\/posts"}],"about":[{"href":"https:\/\/www.europesays.com\/pt\/wp-json\/wp\/v2\/types\/post"}],"author":[{"embeddable":true,"href":"https:\/\/www.europesays.com\/pt\/wp-json\/wp\/v2\/users\/2"}],"replies":[{"embeddable":true,"href":"https:\/\/www.europesays.com\/pt\/wp-json\/wp\/v2\/comments?post=113006"}],"version-history":[{"count":0,"href":"https:\/\/www.europesays.com\/pt\/wp-json\/wp\/v2\/posts\/113006\/revisions"}],"wp:featuredmedia":[{"embeddable":true,"href":"https:\/\/www.europesays.com\/pt\/wp-json\/wp\/v2\/media\/113007"}],"wp:attachment":[{"href":"https:\/\/www.europesays.com\/pt\/wp-json\/wp\/v2\/media?parent=113006"}],"wp:term":[{"taxonomy":"category","embeddable":true,"href":"https:\/\/www.europesays.com\/pt\/wp-json\/wp\/v2\/categories?post=113006"},{"taxonomy":"post_tag","embeddable":true,"href":"https:\/\/www.europesays.com\/pt\/wp-json\/wp\/v2\/tags?post=113006"}],"curies":[{"name":"wp","href":"https:\/\/api.w.org\/{rel}","templated":true}]}}