{"id":113030,"date":"2025-10-16T11:04:11","date_gmt":"2025-10-16T11:04:11","guid":{"rendered":"https:\/\/www.europesays.com\/pt\/113030\/"},"modified":"2025-10-16T11:04:11","modified_gmt":"2025-10-16T11:04:11","slug":"especial-em-pleno-direto-vera-nao-contem-as-lagrimas-saiba-porque-secret-story","status":"publish","type":"post","link":"https:\/\/www.europesays.com\/pt\/113030\/","title":{"rendered":"Especial: Em pleno direto Vera n\u00e3o contem as l\u00e1grimas. Saiba porqu\u00ea &#8211; Secret Story"},"content":{"rendered":"<p>No Secret Story 9, durante o especial, Vera e In\u00eas foram confrontadas com imagens que expuseram as suas d\u00favidas e sentimentos em rela\u00e7\u00e3o uma \u00e0 outra. Vera afirmou que In\u00eas \u00abnunca demonstrou que se queria afastar\u00bb, enquanto In\u00eas respondeu que Liliana, amiga de Vera, tende a amplificar os conflitos: \u00abTudo o que passa pela m\u00e3o da Liliana toma propor\u00e7\u00f5es gigantes\u00bb.\u00a0Vera n\u00e3o contem as l\u00e1grimas.<\/p>\n<p><strong>J\u00e1 pode votar para salvar o seu concorrente favorito:<\/strong><\/p>\n<p><strong>ANA CRISTINA \u2013 761 20 20 02<br \/>BRUNA \u2013 761 20 20 03<br \/>DYLAN \u2013 761 20 20 07<br \/>JOANA \u2013 761 20 20 11<br \/>MARISA SUSANA \u2013 761 20 20 17<\/strong><\/p>\n<p><a href=\"https:\/\/tvi.iol.pt\/secretstory\/aominuto\" target=\"_blank\" wbo-id=\"32\" rel=\"nofollow noopener\">Acompanhe tudo ao minuto<\/a><\/p>\n","protected":false},"excerpt":{"rendered":"No Secret Story 9, durante o especial, Vera e In\u00eas foram confrontadas com imagens que expuseram as suas&hellip;\n","protected":false},"author":2,"featured_media":113031,"comment_status":"","ping_status":"","sticky":false,"template":"","format":"standard","meta":{"footnotes":""},"categories":[142],"tags":[114,115,19033,15353,19034,32,33,151,11841,19032],"class_list":{"0":"post-113030","1":"post","2":"type-post","3":"status-publish","4":"format-standard","5":"has-post-thumbnail","7":"category-tv","8":"tag-entertainment","9":"tag-entretenimento","10":"tag-galas-em-video","11":"tag-ines","12":"tag-melhores-momentos-casa-dos-segredos","13":"tag-portugal","14":"tag-pt","15":"tag-tv","16":"tag-vera","17":"tag-videos-secret-story-tvi"},"share_on_mastodon":{"url":"","error":""},"_links":{"self":[{"href":"https:\/\/www.europesays.com\/pt\/wp-json\/wp\/v2\/posts\/113030","targetHints":{"allow":["GET"]}}],"collection":[{"href":"https:\/\/www.europesays.com\/pt\/wp-json\/wp\/v2\/posts"}],"about":[{"href":"https:\/\/www.europesays.com\/pt\/wp-json\/wp\/v2\/types\/post"}],"author":[{"embeddable":true,"href":"https:\/\/www.europesays.com\/pt\/wp-json\/wp\/v2\/users\/2"}],"replies":[{"embeddable":true,"href":"https:\/\/www.europesays.com\/pt\/wp-json\/wp\/v2\/comments?post=113030"}],"version-history":[{"count":0,"href":"https:\/\/www.europesays.com\/pt\/wp-json\/wp\/v2\/posts\/113030\/revisions"}],"wp:featuredmedia":[{"embeddable":true,"href":"https:\/\/www.europesays.com\/pt\/wp-json\/wp\/v2\/media\/113031"}],"wp:attachment":[{"href":"https:\/\/www.europesays.com\/pt\/wp-json\/wp\/v2\/media?parent=113030"}],"wp:term":[{"taxonomy":"category","embeddable":true,"href":"https:\/\/www.europesays.com\/pt\/wp-json\/wp\/v2\/categories?post=113030"},{"taxonomy":"post_tag","embeddable":true,"href":"https:\/\/www.europesays.com\/pt\/wp-json\/wp\/v2\/tags?post=113030"}],"curies":[{"name":"wp","href":"https:\/\/api.w.org\/{rel}","templated":true}]}}