{"id":113048,"date":"2025-10-16T11:20:15","date_gmt":"2025-10-16T11:20:15","guid":{"rendered":"https:\/\/www.europesays.com\/pt\/113048\/"},"modified":"2025-10-16T11:20:15","modified_gmt":"2025-10-16T11:20:15","slug":"sempre-tu-ha-convites-duplos-para-a-antestreia-do-filme-com-allison-williams-e-dave-franco","status":"publish","type":"post","link":"https:\/\/www.europesays.com\/pt\/113048\/","title":{"rendered":"Sempre Tu | H\u00e1 convites duplos para a antestreia do filme com Allison Williams e Dave Franco"},"content":{"rendered":"<p>&#13;<br \/>\n\t\t\t\t Users: 226&#13;\n\t\t\t<\/p>\n<p style=\"text-align: justify;\"><b>\u201cSempre Tu\u201d, com Allison Williams e Dave Franco,<\/b><strong> chega \u00e0s salas de cinema nacionais a 23 de outubro.<\/strong><\/p>\n<p>O filme | Sempre Tu<\/p>\n<p><img loading=\"lazy\" decoding=\"async\" class=\"wp-image-739618 aligncenter\" src=\"data:image\/svg+xml,%3Csvg%20xmlns=\" http:=\"\" alt=\"Sempre Tu Poster\" width=\"500\" height=\"741\" data-lazy- data-lazy- data-lazy-src=\"https:\/\/www.europesays.com\/pt\/wp-content\/uploads\/2025\/10\/sempre-tu-poster.webp.webp\"\/><\/p>\n<p><strong>Sinopse: <\/strong>Baseado no livro bestseller, SEMPRE TU conta a hist\u00f3ria de Morgan Grant (Allison Williams) e da sua filha Clara (Mckenna Grace), que se veem obrigadas a lidar com as consequ\u00eancias de um acidente devastador. \u00c0 medida que segredos de fam\u00edlia v\u00eam \u00e0 tona e uma trai\u00e7\u00e3o inesperada \u00e9 revelada, m\u00e3e e filha ter\u00e3o de confrontar o passado, redefinir o que significa amar e reencontrar-se uma \u00e0 outra.<\/p>\n<p>SEMPRE TU \u00e9 uma poderosa hist\u00f3ria sobre crescimento, resili\u00eancia e autodescoberta ap\u00f3s uma trag\u00e9dia, com Dave Franco e Mason Thames no elenco, ao lado de Scott Eastwood e Willa Fitzgerald.<\/p>\n<p style=\"text-align: center;\"><strong>#SempreTuFilme<\/strong><\/p>\n<p><a class=\"gcc-anchor\" id=\"1\"\/><br \/>\nSempre Tu | Passatempo MHD<\/p>\n<p style=\"text-align: justify;\">A Magazine.HD em parceria com a Paramount Pictures e NOS Audiovisuais, tem para oferecer 10 convites duplos para as antestreias do filme <strong>\u201cSempre Tu\u201d<\/strong>, no dia 21 de outubro (ter\u00e7a-feira), pelas 21h30.<\/p>\n<ul>\n<li style=\"list-style-type: none;\">\n<ul>\n<li><strong>Lisboa \u2013 Cinemas UCI El Corte Ingl\u00e9s <\/strong>\u2013 10 convites duplos<\/li>\n<li><b>Porto \u2013 Cinemas UCI Arr\u00e1bida 20 <\/b>\u2013 10 convites duplos<\/li>\n<\/ul>\n<\/li>\n<\/ul>\n<p style=\"text-align: justify;\">Para te habilitares a um destes pr\u00e9mios basta fazer\u00a0<strong>Follow no Instagram da\u00a0<a href=\"https:\/\/www.instagram.com\/magazine.hd\/\" rel=\"nofollow noopener\" target=\"_blank\">Magazine.HD<\/a> e da <a href=\"https:\/\/www.instagram.com\/paramountpicturespt\/?hl=en\" target=\"_blank\" rel=\"noopener nofollow\">Paramount Pictures<\/a><\/strong><strong>,<\/strong>\u00a0e\u00a0preencher os dados requeridos no\u00a0<a href=\"https:\/\/www.magazine-hd.com\/apps\/wp\/sempre-tu-convites-antestreia-filme-allison-williams-dave-franco\/\" target=\"_blank\" rel=\"noopener noreferrer nofollow\"><strong>Formul\u00e1rio de Participa\u00e7\u00e3o<\/strong><\/a> at\u00e9 <strong>20 de outubro<\/strong>.<\/p>\n<p><strong>NOTA IMPORTANTE:<\/strong> apenas ser\u00e1 aceite uma participa\u00e7\u00e3o vencedora por pessoa e por passatempo. No ato de levantamento do convite ser\u00e1 obrigat\u00f3ria a apresenta\u00e7\u00e3o do documento de identifica\u00e7\u00e3o do vencedor. N\u00e3o ser\u00e3o entregues convites mediante apresenta\u00e7\u00e3o da identifica\u00e7\u00e3o pessoal do vencedor por outras pessoas, nem c\u00f3pias dos referidos documentos.<\/p>\n<p><strong>Formul\u00e1rio<\/strong><strong>:<\/strong><\/p>\n<p style=\"text-align: center;\">\n<p style=\"text-align: center;\"><strong>Importante:<\/strong><\/p>\n<ul style=\"text-align: center;\">\n<li style=\"text-align: justify;\">Para a atribui\u00e7\u00e3o de qualquer pr\u00e9mio, designadamente convites, dvds, blu-rays, cds, jogos ou livros, ser\u00e3o apenas consideradas participa\u00e7\u00f5es v\u00e1lidas, aquelas que incluam os dados pessoais solicitados, al\u00e9m da indica\u00e7\u00e3o das respostas certas.<\/li>\n<li style=\"text-align: justify;\">O evento \u00e9 privado, sendo que a admiss\u00e3o pode ser vetada pelos respons\u00e1veis do evento, a qualquer momento do evento.<\/li>\n<li style=\"text-align: justify;\">S\u00f3 \u00e9 v\u00e1lida uma participa\u00e7\u00e3o por pessoa. As participa\u00e7\u00f5es repetidas (com o mesmo e-mail ou cart\u00e3o do cidad\u00e3o) ser\u00e3o ANULADAS.\u00a0No caso do passatempo incluir mais do que um pr\u00e9mio, o leitor pode ter uma participa\u00e7\u00e3o por pr\u00e9mio. Por exemplo, havendo antestreia do filme em Lisboa e no Porto, o leitor pode participar uma vez para Lisboa, e uma vez para o Porto. Contudo, \u00e9 necess\u00e1rio ter em aten\u00e7\u00e3o que o participante n\u00e3o ser\u00e1 vencedor de mais do que um pr\u00e9mio. Por exemplo, se ele receber o bilhete duplo para a antestreia no Porto, ele n\u00e3o poder\u00e1 ir \u00e0 antestreia de Lisboa, e vice-versa.<\/li>\n<li style=\"text-align: justify;\">No local de levantamento do convite, pode ser pedido pelo Cinema exibidor, identifica\u00e7\u00e3o via documento adequado designadamente cart\u00e3o de cidad\u00e3o. S\u00f3 s\u00e3o consideradas participa\u00e7\u00f5es com nome completo.<\/li>\n<li style=\"text-align: justify;\">Os convites s\u00e3o pessoais e intransmiss\u00edveis, sendo que s\u00f3 podem ser levantados pelos pr\u00f3prios vencedores mediante a apresenta\u00e7\u00e3o de um documento de identifica\u00e7\u00e3o dentro do prazo de validade. N\u00e3o existe op\u00e7\u00e3o de fornecer \u201cautoriza\u00e7\u00f5es\u201d para levantamento.<\/li>\n<li style=\"text-align: justify;\">As desist\u00eancias de \u00faltima hora \u00e0s antestreias ser\u00e3o penalizadas. Apenas deve concorrer quem sabe ir poder usufruir, pois o contr\u00e1rio prejudica o Distribuidor Sponsor do passatempo, o Cinema exibidor, a MHD e os restantes participantes que poderiam ter usufru\u00eddo desse pr\u00e9mio.<\/li>\n<li style=\"text-align: justify;\">Salvo indica\u00e7\u00e3o expressa em contr\u00e1rio, os portes de envio n\u00e3o est\u00e3o inclu\u00eddos.<\/li>\n<li style=\"text-align: justify;\">A participa\u00e7\u00e3o neste passatempo pressup\u00f5e que o seu titular aceita lhe seja enviada a nossa Newsletter informativa e de aviso sobre outros passatempos.<\/li>\n<\/ul>\n<p>\u00a92025 PAR. PICS.<\/p>\n<p>\n        About The Author<\/p>\n<p>                <a href=\"https:\/\/www.magazine-hd.com\/apps\/wp\/author\/jfernandes\/\" rel=\"nofollow noopener\" target=\"_blank\"><img loading=\"lazy\" decoding=\"async\" width=\"150\" height=\"150\" src=\"data:image\/svg+xml,%3Csvg%20xmlns=\" http:=\"\" class=\"avatar avatar-150 photo\" alt=\"\" data-lazy- data-lazy- data-lazy-src=\"https:\/\/www.europesays.com\/pt\/wp-content\/uploads\/2025\/08\/JFavatar-0-00-00-02-150x150.jpg\"\/><\/a><\/p>\n<p>                    <a href=\"https:\/\/www.magazine-hd.com\/apps\/wp\/author\/jfernandes\/\" rel=\"nofollow noopener\" target=\"_blank\">Jo\u00e3o Fernandes<\/a><\/p>\n<p>Licenciado em Cinema pela Universidade da Beira-Interior, onde produziu as curtas-metragens \u201cEntre-Portas\u201d, \u201cThe Girl and the Meadow\u201d, e \u201cMaking Art\u201d. Foi produtor de conte\u00fado audiovisual para o Club Otaku. Fez a sua estreia na MHD em 2017, sendo atualmente redator de conte\u00fado, coordenador de Gaming, Qualidade e Parcerias. Possui uma aprecia\u00e7\u00e3o especial por banda desenhada, fotografia e videojogos.<\/p>\n<p>\t\t<script async src=\"\/\/www.instagram.com\/embed.js\"><\/script><\/p>\n","protected":false},"excerpt":{"rendered":"&#13; Users: 226&#13; \u201cSempre Tu\u201d, com Allison Williams e Dave Franco, chega \u00e0s salas de cinema nacionais a&hellip;\n","protected":false},"author":2,"featured_media":113049,"comment_status":"","ping_status":"","sticky":false,"template":"","format":"standard","meta":{"footnotes":""},"categories":[140],"tags":[24909,12653,20415,114,115,147,148,22985,13364,146,32,33,16735,26628],"class_list":{"0":"post-113048","1":"post","2":"type-post","3":"status-publish","4":"format-standard","5":"has-post-thumbnail","7":"category-filmes","8":"tag-allison-williams","9":"tag-clancy-brown","10":"tag-dave-franco","11":"tag-entertainment","12":"tag-entretenimento","13":"tag-film","14":"tag-filmes","15":"tag-mason-thames","16":"tag-mckenna-grace","17":"tag-movies","18":"tag-portugal","19":"tag-pt","20":"tag-scott-eastwood","21":"tag-sempre-tu"},"share_on_mastodon":{"url":"","error":""},"_links":{"self":[{"href":"https:\/\/www.europesays.com\/pt\/wp-json\/wp\/v2\/posts\/113048","targetHints":{"allow":["GET"]}}],"collection":[{"href":"https:\/\/www.europesays.com\/pt\/wp-json\/wp\/v2\/posts"}],"about":[{"href":"https:\/\/www.europesays.com\/pt\/wp-json\/wp\/v2\/types\/post"}],"author":[{"embeddable":true,"href":"https:\/\/www.europesays.com\/pt\/wp-json\/wp\/v2\/users\/2"}],"replies":[{"embeddable":true,"href":"https:\/\/www.europesays.com\/pt\/wp-json\/wp\/v2\/comments?post=113048"}],"version-history":[{"count":0,"href":"https:\/\/www.europesays.com\/pt\/wp-json\/wp\/v2\/posts\/113048\/revisions"}],"wp:featuredmedia":[{"embeddable":true,"href":"https:\/\/www.europesays.com\/pt\/wp-json\/wp\/v2\/media\/113049"}],"wp:attachment":[{"href":"https:\/\/www.europesays.com\/pt\/wp-json\/wp\/v2\/media?parent=113048"}],"wp:term":[{"taxonomy":"category","embeddable":true,"href":"https:\/\/www.europesays.com\/pt\/wp-json\/wp\/v2\/categories?post=113048"},{"taxonomy":"post_tag","embeddable":true,"href":"https:\/\/www.europesays.com\/pt\/wp-json\/wp\/v2\/tags?post=113048"}],"curies":[{"name":"wp","href":"https:\/\/api.w.org\/{rel}","templated":true}]}}