{"id":113055,"date":"2025-10-16T11:33:08","date_gmt":"2025-10-16T11:33:08","guid":{"rendered":"https:\/\/www.europesays.com\/pt\/113055\/"},"modified":"2025-10-16T11:33:08","modified_gmt":"2025-10-16T11:33:08","slug":"diane-keaton-morre-de-pneumonia-aos-79-anos","status":"publish","type":"post","link":"https:\/\/www.europesays.com\/pt\/113055\/","title":{"rendered":"Diane Keaton Morre de Pneumonia aos 79 Anos"},"content":{"rendered":"<p>Diane Keaton morreu de pneumonia, segundo revelou a fam\u00edlia \u00e0 revista People. Foi esta publica\u00e7\u00e3o que, a 11 de outubro, avan\u00e7ou a morte da atriz e agora \u00e9 atrav\u00e9s dela que os familiares agradecem as manifesta\u00e7\u00f5es de apoio e revelam a causa da morte.<\/p>\n<p>&#8220;A fam\u00edlia Keaton est\u00e1 muito grata pelas extraordin\u00e1rias mensagens de amor e apoio que recebeu nos \u00faltimos dias em nome da sua amada Diane, que faleceu v\u00edtima de pneumonia no dia 11 de outubro&#8221;, l\u00ea-se no comunicado.<\/p>\n<p>&#8220;Ela amava os seus animais e era firme no seu apoio \u00e0 comunidade sem-abrigo, pelo que qualquer donativo em sua mem\u00f3ria para um banco alimentar local ou um abrigo de animais seria uma homenagem maravilhosa e muito apreciada para ela&#8221;, acrescenta.<\/p>\n<p>Diane Keaton tinha 79 anos.<\/p>\n","protected":false},"excerpt":{"rendered":"Diane Keaton morreu de pneumonia, segundo revelou a fam\u00edlia \u00e0 revista People. Foi esta publica\u00e7\u00e3o que, a 11&hellip;\n","protected":false},"author":2,"featured_media":113056,"comment_status":"","ping_status":"","sticky":false,"template":"","format":"standard","meta":{"footnotes":""},"categories":[145],"tags":[211,210,25550,114,115,2409,32,33],"class_list":{"0":"post-113055","1":"post","2":"type-post","3":"status-publish","4":"format-standard","5":"has-post-thumbnail","7":"category-celebridades","8":"tag-celebridades","9":"tag-celebrities","10":"tag-diane-keaton","11":"tag-entertainment","12":"tag-entretenimento","13":"tag-obito","14":"tag-portugal","15":"tag-pt"},"share_on_mastodon":{"url":"","error":""},"_links":{"self":[{"href":"https:\/\/www.europesays.com\/pt\/wp-json\/wp\/v2\/posts\/113055","targetHints":{"allow":["GET"]}}],"collection":[{"href":"https:\/\/www.europesays.com\/pt\/wp-json\/wp\/v2\/posts"}],"about":[{"href":"https:\/\/www.europesays.com\/pt\/wp-json\/wp\/v2\/types\/post"}],"author":[{"embeddable":true,"href":"https:\/\/www.europesays.com\/pt\/wp-json\/wp\/v2\/users\/2"}],"replies":[{"embeddable":true,"href":"https:\/\/www.europesays.com\/pt\/wp-json\/wp\/v2\/comments?post=113055"}],"version-history":[{"count":0,"href":"https:\/\/www.europesays.com\/pt\/wp-json\/wp\/v2\/posts\/113055\/revisions"}],"wp:featuredmedia":[{"embeddable":true,"href":"https:\/\/www.europesays.com\/pt\/wp-json\/wp\/v2\/media\/113056"}],"wp:attachment":[{"href":"https:\/\/www.europesays.com\/pt\/wp-json\/wp\/v2\/media?parent=113055"}],"wp:term":[{"taxonomy":"category","embeddable":true,"href":"https:\/\/www.europesays.com\/pt\/wp-json\/wp\/v2\/categories?post=113055"},{"taxonomy":"post_tag","embeddable":true,"href":"https:\/\/www.europesays.com\/pt\/wp-json\/wp\/v2\/tags?post=113055"}],"curies":[{"name":"wp","href":"https:\/\/api.w.org\/{rel}","templated":true}]}}