{"id":113057,"date":"2025-10-16T11:36:54","date_gmt":"2025-10-16T11:36:54","guid":{"rendered":"https:\/\/www.europesays.com\/pt\/113057\/"},"modified":"2025-10-16T11:36:54","modified_gmt":"2025-10-16T11:36:54","slug":"livro-de-jo-mazzarolo-retrata-seus-desafios-e-conquistas-a-frente-da-tv-globo-nordeste","status":"publish","type":"post","link":"https:\/\/www.europesays.com\/pt\/113057\/","title":{"rendered":"Livro de J\u00f4 Mazzarolo retrata seus desafios e conquistas \u00e0 frente da TV Globo Nordeste\u00a0"},"content":{"rendered":"<p>            <a href=\"https:\/\/cdn.telaviva.com.br\/wp-content\/uploads\/2025\/10\/Jo-Mazzarolo.webp\" data-caption=\"J\u00f4 Mazzarolo (Foto: Reprodu\u00e7\u00e3o TED Talks)\" rel=\"nofollow noopener\" target=\"_blank\"><img loading=\"lazy\" decoding=\"async\" data-od-replaced- data-od-xpath=\"\/HTML\/BODY\/DIV[@id='td-outer-wrap']\/*[2][self::DIV]\/*[1][self::DIV]\/*[2][self::DIV]\/*[1][self::DIV]\/*[1][self::DIV]\/*[1][self::ARTICLE]\/*[3][self::DIV]\/*[1][self::DIV]\/*[1][self::FIGURE]\/*[1][self::A]\/*[1][self::IMG]\" width=\"696\" height=\"392\" class=\"entry-thumb td-modal-image\" src=\"data:image\/svg+xml,%3Csvg%20xmlns=\" http:=\"\" data-lazy- data-lazy- alt=\"\" title=\"Jo? Mazzarolo\" data-lazy-src=\"https:\/\/www.europesays.com\/pt\/wp-content\/uploads\/2025\/10\/Jo-Mazzarolo-696x392.webp.webp\"\/><\/a>J\u00f4 Mazzarolo (Foto: Reprodu\u00e7\u00e3o TED Talks)<\/p>\n<p>Nesta ter\u00e7a-feira, dia 14 de outubro, \u00e0s 19h, na Livraria da Vila, na Vila Madalena, em S\u00e3o Paulo, J\u00f4 Mazzarolo lan\u00e7a o livro &#8220;Mude o conceito \u2013 Quando inovar n\u00e3o era a op\u00e7\u00e3o&#8221;.\u00a0<\/p>\n<p>A publica\u00e7\u00e3o enumera dezenas de trabalhos e a\u00e7\u00f5es implantados nos 23 anos da autora como diretora de jornalismo da Globo Nordeste, no Recife. Nos relatos, uma s\u00e9rie de nomes com ra\u00edzes nordestinas e uma ampla lista de jornalistas chefes, amigos e colaboradores. J\u00f4 comp\u00f5e um retrato das transforma\u00e7\u00f5es da cultura que a emissora ajudou a colocar no mapa das import\u00e2ncias do Brasil, do forr\u00f3 \u00e0s fanfarras.<\/p>\n<p>J\u00f4 Mazzarolo debru\u00e7ou sobre suas hist\u00f3rias durante tr\u00eas anos para fazer o livro. Procurou ser fiel ao conceito adotado logo na chegada a Pernambuco \u2013 &#8220;se n\u00e3o pro\u00edbe, permite&#8221; \u2013 e foi adiante. Sempre com apoio de excelentes profissionais e equipes, como faz quest\u00e3o de destacar, sua atua\u00e7\u00e3o levou a emissora nordestina a figurar entre as principais da Rede Globo de Televis\u00e3o. Como demonstra, foi pioneira na mudan\u00e7a dos apresentadores dos telejornais \u2013 saindo da posi\u00e7\u00e3o fixa da bancada para circular no cen\u00e1rio \u2013, adotada por toda rede.\u00a0<\/p>\n<p>Na conclus\u00e3o h\u00e1 um trecho sobre o papel da mulher na condu\u00e7\u00e3o de um trabalho normalmente realizado por homens. Eis sua posi\u00e7\u00e3o: &#8220;Cada texto que voc\u00ea leu aqui foi vivido! Foi vivido com todas as suas tens\u00f5es com todas as suas alegrias e com cada escolha feita confesso que \u00e0s vezes com medo, mas sempre com prop\u00f3sito. Porque liderar, como mulher, \u00e9 isso: caminhar num terreno onde nem sempre h\u00e1 espa\u00e7o e mesmo assim deixar pegadas&#8221;.\u00a0<\/p>\n<p>J\u00f4 Mazzarolo nasceu no dia 31 de janeiro de 1960, em Veran\u00f3polis, RS, a &#8220;Terra da Longevidade&#8221;. Foi diretora de jornalismo da Globo NE, no Recife, por 23 anos. Jornalista formada pela Pont\u00edfice Universidade Cat\u00f3lica do Rio Grande do Sul, \u00e9 mestre em Comunica\u00e7\u00e3o e Cultura. Trabalhou nas TVs Bandeirantes e RBS em Porto Alegre, TV Globo no Rio de Janeiro e em Pernambuco. Fez especializa\u00e7\u00f5es em gest\u00e3o de empresas e de equipes. \u00c9 palestrante, mentora e consultora na MZ Consultoria.\u00a0<\/p>\n<p>O livro est\u00e1 \u00e0 venda no <a href=\"https:\/\/jomazzarolo.com.br\/\" target=\"_blank\" rel=\"noopener nofollow\">site da autora<\/a> ou na Amazon.\u00a0<\/p>\n<p>\u00a0<\/p>\n","protected":false},"excerpt":{"rendered":"J\u00f4 Mazzarolo (Foto: Reprodu\u00e7\u00e3o TED Talks) Nesta ter\u00e7a-feira, dia 14 de outubro, \u00e0s 19h, na Livraria da Vila,&hellip;\n","protected":false},"author":2,"featured_media":113058,"comment_status":"","ping_status":"","sticky":false,"template":"","format":"standard","meta":{"footnotes":""},"categories":[143],"tags":[169,114,115,170,32,33],"class_list":{"0":"post-113057","1":"post","2":"type-post","3":"status-publish","4":"format-standard","5":"has-post-thumbnail","7":"category-livros","8":"tag-books","9":"tag-entertainment","10":"tag-entretenimento","11":"tag-livros","12":"tag-portugal","13":"tag-pt"},"share_on_mastodon":{"url":"","error":""},"_links":{"self":[{"href":"https:\/\/www.europesays.com\/pt\/wp-json\/wp\/v2\/posts\/113057","targetHints":{"allow":["GET"]}}],"collection":[{"href":"https:\/\/www.europesays.com\/pt\/wp-json\/wp\/v2\/posts"}],"about":[{"href":"https:\/\/www.europesays.com\/pt\/wp-json\/wp\/v2\/types\/post"}],"author":[{"embeddable":true,"href":"https:\/\/www.europesays.com\/pt\/wp-json\/wp\/v2\/users\/2"}],"replies":[{"embeddable":true,"href":"https:\/\/www.europesays.com\/pt\/wp-json\/wp\/v2\/comments?post=113057"}],"version-history":[{"count":0,"href":"https:\/\/www.europesays.com\/pt\/wp-json\/wp\/v2\/posts\/113057\/revisions"}],"wp:featuredmedia":[{"embeddable":true,"href":"https:\/\/www.europesays.com\/pt\/wp-json\/wp\/v2\/media\/113058"}],"wp:attachment":[{"href":"https:\/\/www.europesays.com\/pt\/wp-json\/wp\/v2\/media?parent=113057"}],"wp:term":[{"taxonomy":"category","embeddable":true,"href":"https:\/\/www.europesays.com\/pt\/wp-json\/wp\/v2\/categories?post=113057"},{"taxonomy":"post_tag","embeddable":true,"href":"https:\/\/www.europesays.com\/pt\/wp-json\/wp\/v2\/tags?post=113057"}],"curies":[{"name":"wp","href":"https:\/\/api.w.org\/{rel}","templated":true}]}}