{"id":113059,"date":"2025-10-16T11:37:25","date_gmt":"2025-10-16T11:37:25","guid":{"rendered":"https:\/\/www.europesays.com\/pt\/113059\/"},"modified":"2025-10-16T11:37:25","modified_gmt":"2025-10-16T11:37:25","slug":"aviao-para-pedro-gera-drama-reacao-de-marisa-deixa-concorrente-em-furia-secret-story","status":"publish","type":"post","link":"https:\/\/www.europesays.com\/pt\/113059\/","title":{"rendered":"Avi\u00e3o para Pedro gera drama. Rea\u00e7\u00e3o de Marisa deixa concorrente em f\u00faria &#8211; Secret Story"},"content":{"rendered":"<p>No Secret Story 9, durante uma din\u00e2mica em que os concorrentes foram desafiados a responder perguntas que h\u00e1 muito guardavam, um avi\u00e3o com uma mensagem foi enviado diretamente para Pedro Jorge. A primeira a reagir foi Marisa, esposa de Pedro, que n\u00e3o hesitou em bater palmas, mostrando entusiasmo e apoio. Por\u00e9m, nem todos ficaram indiferentes: dentro da casa, Bruna chamou a aten\u00e7\u00e3o de Marisa, gerando um momento de tens\u00e3o entre as concorrentes.<\/p>\n<p>Veja o v\u00eddeo.\u00a0<\/p>\n","protected":false},"excerpt":{"rendered":"No Secret Story 9, durante uma din\u00e2mica em que os concorrentes foram desafiados a responder perguntas que h\u00e1&hellip;\n","protected":false},"author":2,"featured_media":113060,"comment_status":"","ping_status":"","sticky":false,"template":"","format":"standard","meta":{"footnotes":""},"categories":[142],"tags":[114,115,19033,19184,19034,14646,32,33,151,19032],"class_list":{"0":"post-113059","1":"post","2":"type-post","3":"status-publish","4":"format-standard","5":"has-post-thumbnail","7":"category-tv","8":"tag-entertainment","9":"tag-entretenimento","10":"tag-galas-em-video","11":"tag-marisa","12":"tag-melhores-momentos-casa-dos-segredos","13":"tag-pedro","14":"tag-portugal","15":"tag-pt","16":"tag-tv","17":"tag-videos-secret-story-tvi"},"share_on_mastodon":{"url":"","error":""},"_links":{"self":[{"href":"https:\/\/www.europesays.com\/pt\/wp-json\/wp\/v2\/posts\/113059","targetHints":{"allow":["GET"]}}],"collection":[{"href":"https:\/\/www.europesays.com\/pt\/wp-json\/wp\/v2\/posts"}],"about":[{"href":"https:\/\/www.europesays.com\/pt\/wp-json\/wp\/v2\/types\/post"}],"author":[{"embeddable":true,"href":"https:\/\/www.europesays.com\/pt\/wp-json\/wp\/v2\/users\/2"}],"replies":[{"embeddable":true,"href":"https:\/\/www.europesays.com\/pt\/wp-json\/wp\/v2\/comments?post=113059"}],"version-history":[{"count":0,"href":"https:\/\/www.europesays.com\/pt\/wp-json\/wp\/v2\/posts\/113059\/revisions"}],"wp:featuredmedia":[{"embeddable":true,"href":"https:\/\/www.europesays.com\/pt\/wp-json\/wp\/v2\/media\/113060"}],"wp:attachment":[{"href":"https:\/\/www.europesays.com\/pt\/wp-json\/wp\/v2\/media?parent=113059"}],"wp:term":[{"taxonomy":"category","embeddable":true,"href":"https:\/\/www.europesays.com\/pt\/wp-json\/wp\/v2\/categories?post=113059"},{"taxonomy":"post_tag","embeddable":true,"href":"https:\/\/www.europesays.com\/pt\/wp-json\/wp\/v2\/tags?post=113059"}],"curies":[{"name":"wp","href":"https:\/\/api.w.org\/{rel}","templated":true}]}}