{"id":113071,"date":"2025-10-16T11:45:16","date_gmt":"2025-10-16T11:45:16","guid":{"rendered":"https:\/\/www.europesays.com\/pt\/113071\/"},"modified":"2025-10-16T11:45:16","modified_gmt":"2025-10-16T11:45:16","slug":"quais-os-melhores-destinos-do-mundo-para-se-reformar-no-top-5-tres-estao-na-europa-e-portugal-e-um-deles-human-resources","status":"publish","type":"post","link":"https:\/\/www.europesays.com\/pt\/113071\/","title":{"rendered":"Quais os melhores destinos do mundo para se reformar? No top 5, tr\u00eas est\u00e3o na Europa (e Portugal \u00e9 um deles) \u2013 Human Resources"},"content":{"rendered":"\n<p>Quais os melhores destinos do mundo para se reformar? No top 5, tr\u00eas est\u00e3o na Europa (e Portugal \u00e9 um deles) \u2013 Human Resources<\/p>\n<ul class=\"bf-breadcrumb-items\" itemscope=\"\" itemtype=\"http:\/\/schema.org\/BreadcrumbList\">\n<li itemprop=\"itemListElement\" itemscope=\"\" itemtype=\"http:\/\/schema.org\/ListItem\" class=\"bf-breadcrumb-item bf-breadcrumb-begin\"><a itemprop=\"item\" href=\"https:\/\/hrportugal.sapo.pt\" rel=\"home nofollow noopener\" target=\"_blank\">Home<\/a><\/li>\n<li itemprop=\"itemListElement\" itemscope=\"\" itemtype=\"http:\/\/schema.org\/ListItem\" class=\"bf-breadcrumb-item\"><a itemprop=\"item\" href=\"https:\/\/hrportugal.sapo.pt\/categoria\/noticias\/\" rel=\"nofollow noopener\" target=\"_blank\">Not\u00edcias<\/a><\/li>\n<li itemprop=\"itemListElement\" itemscope=\"\" itemtype=\"http:\/\/schema.org\/ListItem\" class=\"bf-breadcrumb-item\"><a itemprop=\"item\" href=\"https:\/\/hrportugal.sapo.pt\/categoria\/noticias\/estudos\/\" rel=\"nofollow noopener\" target=\"_blank\">Estudos<\/a><\/li>\n<li itemprop=\"itemListElement\" itemscope=\"\" itemtype=\"http:\/\/schema.org\/ListItem\" class=\"bf-breadcrumb-item bf-breadcrumb-end\">Quais os melhores destinos do mundo para se reformar? No top 5, tr\u00eas est\u00e3o na Europa (e Portugal \u00e9 um deles)<\/li>\n<\/ul>\n","protected":false},"excerpt":{"rendered":"Quais os melhores destinos do mundo para se reformar? No top 5, tr\u00eas est\u00e3o na Europa (e Portugal&hellip;\n","protected":false},"author":2,"featured_media":113072,"comment_status":"","ping_status":"","sticky":false,"template":"","format":"standard","meta":{"footnotes":""},"categories":[50],"tags":[26629,27,28,10052,15,16,26630,14,25,26,21,22,62,12,13,19,20,23,24,5811,17,18,29,30,31,63,64,65],"class_list":{"0":"post-113071","1":"post","2":"type-post","3":"status-publish","4":"format-standard","5":"has-post-thumbnail","7":"category-mundo","8":"tag-2025-global-retirement-report","9":"tag-breaking-news","10":"tag-breakingnews","11":"tag-euronews","12":"tag-featured-news","13":"tag-featurednews","14":"tag-global-citizen-solutions","15":"tag-headlines","16":"tag-latest-news","17":"tag-latestnews","18":"tag-main-news","19":"tag-mainnews","20":"tag-mundo","21":"tag-news","22":"tag-noticias","23":"tag-noticias-principais","24":"tag-noticiasprincipais","25":"tag-principais-noticias","26":"tag-principaisnoticias","27":"tag-reformados","28":"tag-top-stories","29":"tag-topstories","30":"tag-ultimas","31":"tag-ultimas-noticias","32":"tag-ultimasnoticias","33":"tag-world","34":"tag-world-news","35":"tag-worldnews"},"share_on_mastodon":{"url":"","error":""},"_links":{"self":[{"href":"https:\/\/www.europesays.com\/pt\/wp-json\/wp\/v2\/posts\/113071","targetHints":{"allow":["GET"]}}],"collection":[{"href":"https:\/\/www.europesays.com\/pt\/wp-json\/wp\/v2\/posts"}],"about":[{"href":"https:\/\/www.europesays.com\/pt\/wp-json\/wp\/v2\/types\/post"}],"author":[{"embeddable":true,"href":"https:\/\/www.europesays.com\/pt\/wp-json\/wp\/v2\/users\/2"}],"replies":[{"embeddable":true,"href":"https:\/\/www.europesays.com\/pt\/wp-json\/wp\/v2\/comments?post=113071"}],"version-history":[{"count":0,"href":"https:\/\/www.europesays.com\/pt\/wp-json\/wp\/v2\/posts\/113071\/revisions"}],"wp:featuredmedia":[{"embeddable":true,"href":"https:\/\/www.europesays.com\/pt\/wp-json\/wp\/v2\/media\/113072"}],"wp:attachment":[{"href":"https:\/\/www.europesays.com\/pt\/wp-json\/wp\/v2\/media?parent=113071"}],"wp:term":[{"taxonomy":"category","embeddable":true,"href":"https:\/\/www.europesays.com\/pt\/wp-json\/wp\/v2\/categories?post=113071"},{"taxonomy":"post_tag","embeddable":true,"href":"https:\/\/www.europesays.com\/pt\/wp-json\/wp\/v2\/tags?post=113071"}],"curies":[{"name":"wp","href":"https:\/\/api.w.org\/{rel}","templated":true}]}}