{"id":113097,"date":"2025-10-16T12:14:08","date_gmt":"2025-10-16T12:14:08","guid":{"rendered":"https:\/\/www.europesays.com\/pt\/113097\/"},"modified":"2025-10-16T12:14:08","modified_gmt":"2025-10-16T12:14:08","slug":"sporting-interessado-na-contratacao-de-obed-vargas-a-custo-zero-em-janeiro","status":"publish","type":"post","link":"https:\/\/www.europesays.com\/pt\/113097\/","title":{"rendered":"Sporting interessado na contrata\u00e7\u00e3o de Obed Vargas a custo zero em janeiro"},"content":{"rendered":"<p>&#8211; Advertisement &#8211;<\/p>\n<p>O Sporting est\u00e1 na corrida pela contrata\u00e7\u00e3o a custo zero de Obed Vargas. De acordo com C\u00e9sar Luis Merlo, al\u00e9m dos le\u00f5es, tamb\u00e9m clubes da Bundesliga demonstraram interesse no m\u00e9dio mexicano.<\/p>\n<p>Aos 20 anos, Obed Vargas est\u00e1 em final de contrato, uma vez que o v\u00ednculo com o Seattle Sounders s\u00f3 se prolonga at\u00e9 ao final do ano civil de 2025. Significa isto que, em janeiro de 2026, o m\u00e9dio ficar\u00e1 livre para assinar a custo zero com qualquer equipa. <\/p>\n<p>Em 2025, Obed Vargas somou quatro golos e duas assist\u00eancias em 38 jogos pelo conjunto da MLS. O jovem mexicano esteve no Mundial Sub-20 ao servi\u00e7o da sua sele\u00e7\u00e3o, da qual j\u00e1 \u00e9 internacional A por uma ocasi\u00e3o. <\/p>\n<p>Recorde-se que <a href=\"https:\/\/bolanarede.pt\/especial-bola-na-rede\/atualidade\/sporting-ja-olha-para-janeiro-ha-um-plano-para-o-ataque-ao-mercado\/\" target=\"_blank\" rel=\"noreferrer noopener nofollow\">um dos pedidos de Rui Borges para o mercado de janeiro \u00e9 um m\u00e9dio<\/a>. Face ao baixo custo, num mercado tradicionalmente com investimentos menos avultados, o nome do mexicano encaixa no perfil de contrata\u00e7\u00e3o apreciado pelos le\u00f5es. <\/p>\n<blockquote class=\"twitter-tweet\" data-width=\"550\" data-dnt=\"true\">\n<p lang=\"en\" dir=\"ltr\">\ud83d\udea8\ud83c\uddf2\ud83c\uddfd BREAKING: SPORTING CP WANTS TO SIGN OBED VARGAS AS A FREE AGENT IN 2026! \ud83e\udd2f\ud83c\uddf5\ud83c\uddf9<\/p>\n<p>The 20-year-old midfielder has also attracted serious interest from the Bundesliga. \ud83c\udde9\ud83c\uddea<\/p>\n<p>Via <a href=\"https:\/\/twitter.com\/CLMerlo?ref_src=twsrc%5Etfw\" rel=\"nofollow noopener\" target=\"_blank\">@CLMerlo<\/a> <a href=\"https:\/\/t.co\/Hkns2w7DJg\" rel=\"nofollow\">pic.twitter.com\/Hkns2w7DJg<\/a><\/p>\n<p>\u2014 All F\u00fatbol MX \ud83c\uddf2\ud83c\uddfd (@AllFutbolMX) <a href=\"https:\/\/twitter.com\/AllFutbolMX\/status\/1978556802598879712?ref_src=twsrc%5Etfw\" rel=\"nofollow noopener\" target=\"_blank\">October 15, 2025<\/a><\/p><\/blockquote>\n<p><script async src=\"https:\/\/platform.twitter.com\/widgets.js\" charset=\"utf-8\"><\/script><\/p>\n","protected":false},"excerpt":{"rendered":"&#8211; Advertisement &#8211; O Sporting est\u00e1 na corrida pela contrata\u00e7\u00e3o a custo zero de Obed Vargas. De acordo&hellip;\n","protected":false},"author":2,"featured_media":113098,"comment_status":"","ping_status":"","sticky":false,"template":"","format":"standard","meta":{"footnotes":""},"categories":[87],"tags":[260,135,478,6020,26631,32,479,33,16660,34,134],"class_list":{"0":"post-113097","1":"post","2":"type-post","3":"status-publish","4":"format-standard","5":"has-post-thumbnail","7":"category-desporto","8":"tag-atualidade","9":"tag-desporto","10":"tag-destaques-bnr","11":"tag-mls","12":"tag-obed-vargas","13":"tag-portugal","14":"tag-primeira-liga","15":"tag-pt","16":"tag-seattle-sounders","17":"tag-sporting","18":"tag-sports"},"share_on_mastodon":{"url":"","error":""},"_links":{"self":[{"href":"https:\/\/www.europesays.com\/pt\/wp-json\/wp\/v2\/posts\/113097","targetHints":{"allow":["GET"]}}],"collection":[{"href":"https:\/\/www.europesays.com\/pt\/wp-json\/wp\/v2\/posts"}],"about":[{"href":"https:\/\/www.europesays.com\/pt\/wp-json\/wp\/v2\/types\/post"}],"author":[{"embeddable":true,"href":"https:\/\/www.europesays.com\/pt\/wp-json\/wp\/v2\/users\/2"}],"replies":[{"embeddable":true,"href":"https:\/\/www.europesays.com\/pt\/wp-json\/wp\/v2\/comments?post=113097"}],"version-history":[{"count":0,"href":"https:\/\/www.europesays.com\/pt\/wp-json\/wp\/v2\/posts\/113097\/revisions"}],"wp:featuredmedia":[{"embeddable":true,"href":"https:\/\/www.europesays.com\/pt\/wp-json\/wp\/v2\/media\/113098"}],"wp:attachment":[{"href":"https:\/\/www.europesays.com\/pt\/wp-json\/wp\/v2\/media?parent=113097"}],"wp:term":[{"taxonomy":"category","embeddable":true,"href":"https:\/\/www.europesays.com\/pt\/wp-json\/wp\/v2\/categories?post=113097"},{"taxonomy":"post_tag","embeddable":true,"href":"https:\/\/www.europesays.com\/pt\/wp-json\/wp\/v2\/tags?post=113097"}],"curies":[{"name":"wp","href":"https:\/\/api.w.org\/{rel}","templated":true}]}}