{"id":113106,"date":"2025-10-16T12:25:08","date_gmt":"2025-10-16T12:25:08","guid":{"rendered":"https:\/\/www.europesays.com\/pt\/113106\/"},"modified":"2025-10-16T12:25:08","modified_gmt":"2025-10-16T12:25:08","slug":"vem-ai-em-a-protegida-laura-e-oscar-vivem-noite-de-amor-e-decidem-como-vai-ser-a-relacao-novelas","status":"publish","type":"post","link":"https:\/\/www.europesays.com\/pt\/113106\/","title":{"rendered":"Vem a\u00ed em \u00abA Protegida\u00bb: Laura e \u00d3scar vivem noite de amor e decidem como vai ser a rela\u00e7\u00e3o &#8211; Novelas"},"content":{"rendered":"<p>Em \u00abA Protegida\u00bb, <a href=\"https:\/\/tvi.iol.pt\/novelas\/search?pagina=1&amp;pesquisa=alexandra+lencastre\" rel=\"nofollow noopener\" target=\"_blank\">Laura (Alexandra Lencastre)<\/a>\u00a0abre a porta do quarto de <a href=\"https:\/\/tvi.iol.pt\/novelas\/search?pagina=1&amp;pesquisa=joaquim+horta\" rel=\"nofollow noopener\" target=\"_blank\">\u00d3scar (Joaquim Horta)<\/a>\u00a0e ele surpreende-se por v\u00ea-la ali. Laura pergunta-lhe se estava \u00e0 espera de outra pessoa e tamb\u00e9m n\u00e3o est\u00e1 a perceber o que se est\u00e1 a passar. \u00d3scar afirma que estava mesmo a precisar de v\u00ea-la e beija-a com paix\u00e3o. Desta vez, Laura deixa-se levar para a cama.<\/p>\n<p>Laura e \u00d3scar acabaram de fazer amor. Laura est\u00e1 nas nuvens e diz que n\u00e3o precisam de dar um r\u00f3tulo ao que t\u00eam, porque \u00e9 t\u00e3o natural e \u00f3bvio, que \u00e9 como se fosse a \u00fanica coisa que fizesse sentido desde sempre. Laura s\u00f3 pede a \u00d3scar para ser paciente, para poder resolver as coisas com <a href=\"https:\/\/tvi.iol.pt\/novelas\/ator\/jorge-azevedo\/67ac8611d34e3f0bae9a5724\" wbo-id=\"54\" rel=\"nofollow noopener\" target=\"_blank\">Jorge (Paulo Pires<\/a>). \u00d3scar aceita e afirma que esperou a vida toda para a encontrar.<\/p>\n","protected":false},"excerpt":{"rendered":"Em \u00abA Protegida\u00bb, Laura (Alexandra Lencastre)\u00a0abre a porta do quarto de \u00d3scar (Joaquim Horta)\u00a0e ele surpreende-se por v\u00ea-la&hellip;\n","protected":false},"author":2,"featured_media":113107,"comment_status":"","ping_status":"","sticky":false,"template":"","format":"standard","meta":{"footnotes":""},"categories":[142],"tags":[168,882,160,166,114,115,157,167,1406,164,885,161,1409,158,165,159,32,33,156,163,151,162],"class_list":{"0":"post-113106","1":"post","2":"type-post","3":"status-publish","4":"format-standard","5":"has-post-thumbnail","7":"category-tv","8":"tag-a-protegida","9":"tag-alexandra-lencastre","10":"tag-ana-guiomar","11":"tag-cristina-ferreira","12":"tag-entertainment","13":"tag-entretenimento","14":"tag-festa-e-festa","15":"tag-ficcao","16":"tag-joaquim-horta","17":"tag-jose-fidalgo","18":"tag-laura","19":"tag-novelas","20":"tag-oscar","21":"tag-para-sempre","22":"tag-pedro-sousa","23":"tag-pedro-teixeira","24":"tag-portugal","25":"tag-pt","26":"tag-queridos-papas","27":"tag-tiago-teotonio-pereira","28":"tag-tv","29":"tag-tvi"},"share_on_mastodon":{"url":"","error":""},"_links":{"self":[{"href":"https:\/\/www.europesays.com\/pt\/wp-json\/wp\/v2\/posts\/113106","targetHints":{"allow":["GET"]}}],"collection":[{"href":"https:\/\/www.europesays.com\/pt\/wp-json\/wp\/v2\/posts"}],"about":[{"href":"https:\/\/www.europesays.com\/pt\/wp-json\/wp\/v2\/types\/post"}],"author":[{"embeddable":true,"href":"https:\/\/www.europesays.com\/pt\/wp-json\/wp\/v2\/users\/2"}],"replies":[{"embeddable":true,"href":"https:\/\/www.europesays.com\/pt\/wp-json\/wp\/v2\/comments?post=113106"}],"version-history":[{"count":0,"href":"https:\/\/www.europesays.com\/pt\/wp-json\/wp\/v2\/posts\/113106\/revisions"}],"wp:featuredmedia":[{"embeddable":true,"href":"https:\/\/www.europesays.com\/pt\/wp-json\/wp\/v2\/media\/113107"}],"wp:attachment":[{"href":"https:\/\/www.europesays.com\/pt\/wp-json\/wp\/v2\/media?parent=113106"}],"wp:term":[{"taxonomy":"category","embeddable":true,"href":"https:\/\/www.europesays.com\/pt\/wp-json\/wp\/v2\/categories?post=113106"},{"taxonomy":"post_tag","embeddable":true,"href":"https:\/\/www.europesays.com\/pt\/wp-json\/wp\/v2\/tags?post=113106"}],"curies":[{"name":"wp","href":"https:\/\/api.w.org\/{rel}","templated":true}]}}