{"id":113119,"date":"2025-10-16T12:38:26","date_gmt":"2025-10-16T12:38:26","guid":{"rendered":"https:\/\/www.europesays.com\/pt\/113119\/"},"modified":"2025-10-16T12:38:26","modified_gmt":"2025-10-16T12:38:26","slug":"medico-poeta-expoe-montanha-russa-de-sentimentos-em-novo-livro-noticias","status":"publish","type":"post","link":"https:\/\/www.europesays.com\/pt\/113119\/","title":{"rendered":"M\u00e9dico-poeta exp\u00f5e montanha-russa de sentimentos em novo livro &#8211; Not\u00edcias"},"content":{"rendered":"<p class=\"has-drop-cap\">O m\u00e9dico cardiologista Heitor Moreno, professor titular do Departamento de Cl\u00ednica M\u00e9dica da Faculdade de Ci\u00eancias M\u00e9dicas (FCM), encontrou na poesia o caminho para enfrentar uma condi\u00e7\u00e3o de sa\u00fade mental cr\u00f4nica que, j\u00e1 na vida adulta, foi diagnosticada nos Estados Unidos como transtorno bipolar (TB). Hoje, com 67 anos, prestes a se tornar av\u00f4 pela primeira vez, Moreno reuniu parte de sua vasta produ\u00e7\u00e3o de poemas no livro\u00a0Versos na montanha-russa \u201cDown\u201d, que ser\u00e1 lan\u00e7ado em sua cidade-natal, Santos, na Casa das Culturas, no dia 25 de outubro, e no dia 28 de novembro, \u00e0s 11h, no Espa\u00e7o Cultural da FCM, na Unicamp.<\/p>\n<p><img loading=\"lazy\" decoding=\"async\" width=\"600\" height=\"689\" src=\"https:\/\/www.europesays.com\/pt\/wp-content\/uploads\/2025\/10\/Ju_20251015_-Capa_Livro_interna2-1.jpg\" alt=\"Livro ser\u00e1 lan\u00e7ado no pr\u00f3ximo dia 25, em Santos\" class=\"wp-image-50913\" style=\"width:271px;height:auto\"  \/><\/p>\n<p>Neste livro, o quinto de sua carreira, aborda pela primeira vez sua condi\u00e7\u00e3o publicamente. \u201cNunca escondi nada da fam\u00edlia e dos amigos. Agora, acho importante o transtorno bipolar ser mostrado como algo que tem perspectiva de tratamento. O fato de uma pessoa ter um surto man\u00edaco n\u00e3o significa que ela ter\u00e1 isso o resto da vida, nem todo o tempo. At\u00e9 hoje vejo alunos e docentes sendo ridicularizados porque est\u00e3o em depress\u00e3o ou em mania. Senti que era o momento de fazer a minha parte como m\u00e9dico e portador da doen\u00e7a\u201d, afirma.<\/p>\n<p>Versos na montanha-russa \u201cDown\u201d\u00a0traz na capa e na contracapa alus\u00f5es ao Inferno de Dante Alighieri (A Divina Com\u00e9dia) e tem pref\u00e1cio da poetisa Carolina Ramos, de Santos, a \u201cprimeira-dama da trova brasileira\u201d, que tem 101 anos. \u201cEm 2024, ela venceu o concurso Contempor\u00e2nea Projetos Culturais e eu fiquei em segundo lugar. Por mais que a respeite e a tenha como amiga, n\u00e3o gostei. Na edi\u00e7\u00e3o desse ano, eu conquistei o primeiro lugar e ela ficou em segundo\u201d, diverte-se. A poesia vencedora, intitulada\u00a0Tu quoque, Brutus?!, concorreu com 653 trabalhos inscritos de pa\u00edses de l\u00edngua portuguesa.<\/p>\n<p><img loading=\"lazy\" decoding=\"async\" width=\"474\" height=\"70\" src=\"https:\/\/www.europesays.com\/pt\/wp-content\/uploads\/2025\/10\/separador.png\" alt=\"separador\" class=\"wp-image-50906\"  \/><\/p>\n<p class=\"has-text-align-center\"><strong>Trilha doida e sem meta<\/strong><\/p>\n<p class=\"has-text-align-center\">Ent\u00e3o, repenso meus erros, h\u00e1bitos e distocias,<br \/>Concluo ser um inconsequente idiota<br \/>Sem rumo, dire\u00e7\u00e3o, destino ou rota;<br \/>Doente, vou adiante sem mais lamentos.<br \/>Escravo da Doen\u00e7a, sou.<br \/>N\u00e3o apto a fazer sofridos ju\u00edzos,<br \/>Vou adiante\u2026<br \/>Foi apenas mais uma volta na montanha-russa.<\/p>\n<p><img loading=\"lazy\" decoding=\"async\" width=\"474\" height=\"70\" src=\"https:\/\/www.europesays.com\/pt\/wp-content\/uploads\/2025\/10\/separador-1.png\" alt=\"separador\" class=\"wp-image-50908\"  \/><\/p>\n<p>Moreno come\u00e7ou a apresentar sintomas de depress\u00e3o na pr\u00e9-adolesc\u00eancia. \u201cEu sou de Santos, era uma crian\u00e7a que jogava futebol na praia, mas, um dia, durante umas f\u00e9rias escolares, passei a ficar o tempo todo deitado no ch\u00e3o, olhando para o c\u00e9u, s\u00f3 pensando em coisas tristes, n\u00e3o comia nada. Meu pai, que era cardiologista, viu que algo estava errado\u201d, lembra. Ap\u00f3s dois meses, foi levado a um psiquiatra, em S\u00e3o Paulo, que o diagnosticou com \u201cdepress\u00e3o maior\u201d. \u201cNaquela \u00e9poca n\u00e3o se conhecia o transtorno bipolar. Comecei com o medicamento Estelapar, o \u00fanico que havia, tomei-o durante uns cinco anos, depois parei por conta pr\u00f3pria.\u201d<\/p>\n<p>Durante o curso de Medicina em Ribeir\u00e3o Preto, depois na resid\u00eancia m\u00e9dica e, j\u00e1 formado, com consult\u00f3rio em Santos, teve novos epis\u00f3dios de depress\u00e3o. \u201cAinda na faculdade, me envolvia em brigas frequentes, sa\u00eda para a pancadaria, o pessoal da rep\u00fablica onde morava argumentava que eu tinha bebido demais. Na realidade, em v\u00e1rias situa\u00e7\u00f5es, eu nem havia bebido. Fui suspenso do centro acad\u00eamico da faculdade por seis meses por uma dessas brigas. Passei por in\u00fameros tratamentos com f\u00e1rmacos antidepressivos, pois os quadros de melancolia predominavam. Passava per\u00edodos bem, mas depois voltava a ficar deprimido\u201d, continua. \u201cAceitava at\u00e9 \u2018terapias religiosas\u2019, sugeridas por amigos, no desespero em busca da cura, sem efeitos. Vivia triste, como que envolto em n\u00e9voas, sem perspectivas.\u201d<\/p>\n<p><img loading=\"lazy\" decoding=\"async\" width=\"990\" height=\"498\" src=\"https:\/\/www.europesays.com\/pt\/wp-content\/uploads\/2025\/10\/Ju_20251015_Medico-e-Poeta_Prof-Dr-Heitor-Moreno_Lucio_Camargo_Interna-1.jpg\" alt=\"O cardiologista Heitor Moreno: poesia para enfrentar condi\u00e7\u00e3o de sa\u00fade mental cr\u00f4nica\" class=\"wp-image-50902\"  \/><strong>O cardiologista Heitor Moreno: poesia para enfrentar condi\u00e7\u00e3o de sa\u00fade mental cr\u00f4nica<\/strong><\/p>\n<p>Ap\u00f3s doutorado na Unicamp, passou dois anos na Stanford University, na Calif\u00f3rnia, Estados Unidos. Foi ali que seu caminho cruzou com o do psiquiatra norte-americano Terence Ketter, um dos fundadores da Cl\u00ednica de Transtornos Bipolares da Faculdade de Medicina da Stanford University e reconhecido por sua pesquisa inovadora sobre a neurobiologia dos transtornos de humor.<\/p>\n<p>\u201cNa Calif\u00f3rnia, tive dois surtos de mania, passei por dois psiquiatras e me indicaram falar com o doutor Ketter. Nunca me esque\u00e7o da primeira consulta, n\u00f3s t\u00ednhamos mais ou menos a mesma idade. Ele me falou sobre transtorno bipolar. \u2018Desculpe, n\u00e3o conhe\u00e7o essa doen\u00e7a\u2019, eu disse. Ele me explicou, falou sobre os estabilizadores de humor, que s\u00e3o ao mesmo tempo antidepressivos e evitam os quadros de mania e me acompanhou enquanto estive l\u00e1. Continuei me tratando, tomo rem\u00e9dios at\u00e9 hoje\u201d, relata.<\/p>\n<p><img loading=\"lazy\" decoding=\"async\" width=\"474\" height=\"70\" src=\"https:\/\/www.europesays.com\/pt\/wp-content\/uploads\/2025\/10\/separador-1.png\" alt=\"separador\" class=\"wp-image-50908\"  \/><\/p>\n<p class=\"has-text-align-center\"><strong>L\u00e1grimas<\/strong><\/p>\n<p class=\"has-text-align-center\">L\u00e1grimas,<br \/>Trilhas para o centro e para todos os cantos;<br \/>Paralamas, paraquedas e para-nadas.<br \/>Nunca para cima ou avante, por vezes adiante,<br \/>Fazendo da face mero lugar comum.<\/p>\n<p>L\u00e1grimas,<br \/>Algumas por nada, todas por algu\u00e9m.<br \/>Limites de emo\u00e7\u00f5es e delimites.<br \/>Sempre sem raz\u00e3o e nunca em v\u00e3o.<br \/>Apenas l\u00e1grimas por l\u00e1grimas.<\/p>\n<p><img loading=\"lazy\" decoding=\"async\" width=\"474\" height=\"70\" src=\"https:\/\/www.europesays.com\/pt\/wp-content\/uploads\/2025\/10\/separador-1.png\" alt=\"separador\" class=\"wp-image-50908\"  \/><\/p>\n<p>De volta a Campinas, prestou concurso para docente, em 1997, e desde ent\u00e3o seguiu com suas aulas na Unicamp, seus estudos cl\u00ednicos em hipertens\u00e3o e seu apre\u00e7o pela poesia. Mais recentemente, adicionou a m\u00fasica entre suas paix\u00f5es. \u201cQuando estou em hipomania (alta energia, criatividade e confian\u00e7a), escrevo uma boa poesia em 20 minutos. Em outros 20 minutos, o poema vira m\u00fasica, no viol\u00e3o, cavaquinho ou ukulele. Minha fam\u00edlia me incentivou e decidi lan\u00e7ar dois livros, um com poesias \u2018down\u2019 e outro \u2018high\u2019. O primeiro comecei a preparar h\u00e1 seis meses e convidei meu atual psiquiatra, Lucas Mella, para trazer sua vis\u00e3o\u201d, conta. \u201cFiquei surpreso com sua capacidade de mesclar conhecimento do dist\u00farbio com a lira dos versos do livro.\u201d<\/p>\n<p>Mella, em seu pref\u00e1cio, destaca que, a partir da aceita\u00e7\u00e3o da doen\u00e7a, ou \u201cda Cruz que passa\u201d, Moreno \u201cpercorre os trilhos da sublima\u00e7\u00e3o\u201d. Para o psiquiatra, a antologia sublima sua dor e seu desamparo. \u201cPela arte, estabelece pontes entre sua mente e a mente dos leitores, que o compreendem, porque com ele se identificam. Ele atenua sua solid\u00e3o, compartilhando seu sofrimento. Felizmente, n\u00e3o recusou a caneta e fez-se verdadeiramente poeta, divulgando seus del\u00edrios em sublimes e demasiadamente humanos versos. N\u00e3o aceitou ser \u2018escravo da Doen\u00e7a\u2019, tampouco \u2018o sepultamento antes da morte\u2019. Trouxe alento e compaix\u00e3o aos in\u00fameros deprimidos, tornando-se perene para eles.\u201d<\/p>\n<p>Moreno conta que \u00e9 criticado por seus pares por n\u00e3o cobrar por seus livros. \u201cTenho uma d\u00edvida gigantesca com Deus, familiares e amigos, e a sociedade. Tive todos os m\u00e9dicos especialistas e recursos dispon\u00edveis que me levaram a chegar at\u00e9 aqui, em termos de idade e evolu\u00e7\u00e3o profissional. O acesso a eletroconvulsoterapia (ECP) por quatro ciclos de 12 sess\u00f5es em minha vida salvou-me da depress\u00e3o refrat\u00e1ria. Tamb\u00e9m, mais recentemente, ciclos de estimula\u00e7\u00e3o eletromagn\u00e9tica (TMS), estimula\u00e7\u00e3o transcraniana direta (TDCS) e cetamina endovenosa foram determinantes na estabiliza\u00e7\u00e3o desses quadros resistentes a f\u00e1rmacos\u201d, explica. Para manuten\u00e7\u00e3o, conta, ingere 10 comprimidos pela manh\u00e3 e 12 comprimidos \u00e0 noite, de diferentes mecanismos de a\u00e7\u00e3o, todos prescritos por seu psiquiatra.<\/p>\n<p>O poeta, em seu texto de apresenta\u00e7\u00e3o sobre o livro, ressalta: \u201cComo m\u00e9dico, n\u00e3o poderia deixar de alertar que muitos leitores normais se sentir\u00e3o em uma montanha-russa (n\u00e3o necessariamente com TB) por oscila\u00e7\u00f5es do humor. Alerta: nossa Exist\u00eancia pressup\u00f5e sermos \u201cmultipolares no tempo-espa\u00e7o\u201d. Viver \u00e9 vibrar, oscilar (vibrar part\u00edculas, para os f\u00edsicos, talvez).\u201d<\/p>\n<p><img loading=\"lazy\" decoding=\"async\" width=\"474\" height=\"70\" src=\"https:\/\/www.europesays.com\/pt\/wp-content\/uploads\/2025\/10\/separador.png\" alt=\"Marca\u00e7\u00e3o da poesia\" class=\"wp-image-50906\" style=\"width:476px;height:auto\"  \/><\/p>\n<p class=\"has-text-align-center\"><strong>A Montanha-russa<\/strong><\/p>\n<p class=\"has-text-align-center\">Tripudiei do Amor e da F\u00e9<br \/>Carrasco \u00e0 espera para abater a fera<br \/>Acovardei-me e pedi clem\u00eancia.<br \/>Pesadelo? N\u00e3o\u2026 Foi s\u00f3 mais um passeio na Montanha-russa!<\/p>\n<p><img loading=\"lazy\" decoding=\"async\" width=\"474\" height=\"70\" src=\"https:\/\/www.europesays.com\/pt\/wp-content\/uploads\/2025\/10\/separador-2.png\" alt=\"separador\" class=\"wp-image-50910\"  \/><\/p>\n<p class=\"has-text-align-center\"><strong>Foto de capa: <\/strong><\/p>\n<p><img loading=\"lazy\" decoding=\"async\" width=\"600\" height=\"340\" src=\"https:\/\/www.europesays.com\/pt\/wp-content\/uploads\/2025\/10\/Ju_20251015_Medico-e-Poeta_Prof-Dr-Heitor-Moreno_Lucio_Camargo_LUC_1207-Capa-1-1.jpg\" alt=\"M\u00e9dico reuniu parte de sua vasta produ\u00e7\u00e3o de poemas no livro\u00a0Versos na montanha-russa \u201cDown\u201d\" class=\"wp-image-50900\" style=\"width:635px;height:auto\"  \/><strong>M\u00e9dico reuniu parte de sua vasta produ\u00e7\u00e3o de poemas no livro\u00a0Versos na montanha-russa \u201cDown\u201d<\/strong><\/p>\n","protected":false},"excerpt":{"rendered":"O m\u00e9dico cardiologista Heitor Moreno, professor titular do Departamento de Cl\u00ednica M\u00e9dica da Faculdade de Ci\u00eancias M\u00e9dicas (FCM),&hellip;\n","protected":false},"author":2,"featured_media":113120,"comment_status":"","ping_status":"","sticky":false,"template":"","format":"standard","meta":{"footnotes":""},"categories":[143],"tags":[169,114,115,170,32,33],"class_list":{"0":"post-113119","1":"post","2":"type-post","3":"status-publish","4":"format-standard","5":"has-post-thumbnail","7":"category-livros","8":"tag-books","9":"tag-entertainment","10":"tag-entretenimento","11":"tag-livros","12":"tag-portugal","13":"tag-pt"},"share_on_mastodon":{"url":"","error":""},"_links":{"self":[{"href":"https:\/\/www.europesays.com\/pt\/wp-json\/wp\/v2\/posts\/113119","targetHints":{"allow":["GET"]}}],"collection":[{"href":"https:\/\/www.europesays.com\/pt\/wp-json\/wp\/v2\/posts"}],"about":[{"href":"https:\/\/www.europesays.com\/pt\/wp-json\/wp\/v2\/types\/post"}],"author":[{"embeddable":true,"href":"https:\/\/www.europesays.com\/pt\/wp-json\/wp\/v2\/users\/2"}],"replies":[{"embeddable":true,"href":"https:\/\/www.europesays.com\/pt\/wp-json\/wp\/v2\/comments?post=113119"}],"version-history":[{"count":0,"href":"https:\/\/www.europesays.com\/pt\/wp-json\/wp\/v2\/posts\/113119\/revisions"}],"wp:featuredmedia":[{"embeddable":true,"href":"https:\/\/www.europesays.com\/pt\/wp-json\/wp\/v2\/media\/113120"}],"wp:attachment":[{"href":"https:\/\/www.europesays.com\/pt\/wp-json\/wp\/v2\/media?parent=113119"}],"wp:term":[{"taxonomy":"category","embeddable":true,"href":"https:\/\/www.europesays.com\/pt\/wp-json\/wp\/v2\/categories?post=113119"},{"taxonomy":"post_tag","embeddable":true,"href":"https:\/\/www.europesays.com\/pt\/wp-json\/wp\/v2\/tags?post=113119"}],"curies":[{"name":"wp","href":"https:\/\/api.w.org\/{rel}","templated":true}]}}