{"id":113123,"date":"2025-10-16T12:42:19","date_gmt":"2025-10-16T12:42:19","guid":{"rendered":"https:\/\/www.europesays.com\/pt\/113123\/"},"modified":"2025-10-16T12:42:19","modified_gmt":"2025-10-16T12:42:19","slug":"sporting-nuno-santos-deixa-pista-sobre-possivel-regresso-aos-relvados","status":"publish","type":"post","link":"https:\/\/www.europesays.com\/pt\/113123\/","title":{"rendered":"Sporting: Nuno Santos deixa pista sobre poss\u00edvel regresso aos relvados"},"content":{"rendered":"<p>Nuno Santos continua em processo de recupera\u00e7\u00e3o de uma les\u00e3o grave, mas mant\u00e9m a esperan\u00e7a de regressar aos relvados ainda em 2025.<\/p>\n<p>Atrav\u00e9s do Instagram, o jogador do Sporting partilhou uma fotografia de um encontro que fez ao servi\u00e7o dos le\u00f5es, acompanhado de um \u00abemoji\u00bb de uma ampulheta, o que poder\u00e1 significar que o regresso aos relvados est\u00e1 muito pr\u00f3ximo de acontecer.<\/p>\n<p>O ala, de 30 anos, encontra-se na fase final da recupera\u00e7\u00e3o de uma rotura do tend\u00e3o rotuliano do joelho direito, sofrida em outubro de 2024, na desloca\u00e7\u00e3o ao reduto do Famalic\u00e3o.<\/p>\n<p>Recorde-se que Nuno Santos chegou ao Sporting no ver\u00e3o de 2020, proveniente do Rio Ave, e tem contrato v\u00e1lido at\u00e9 2027, com uma cl\u00e1usula de rescis\u00e3o fixada nos 60 milh\u00f5es de euros.<\/p>\n<p><strong>Veja aqui a mensagem de Nuno Santos:<\/strong><\/p>\n<p><img loading=\"lazy\" decoding=\"async\" alt=\"\" height=\"782\" src=\"https:\/\/www.europesays.com\/pt\/wp-content\/uploads\/2025\/10\/68efa835d34ee0c2fed14808.webp\" width=\"585\"\/><\/p>\n","protected":false},"excerpt":{"rendered":"Nuno Santos continua em processo de recupera\u00e7\u00e3o de uma les\u00e3o grave, mas mant\u00e9m a esperan\u00e7a de regressar aos&hellip;\n","protected":false},"author":2,"featured_media":113124,"comment_status":"","ping_status":"","sticky":false,"template":"","format":"standard","meta":{"footnotes":""},"categories":[87],"tags":[135,5879,2613,46,2526,26633,32,33,47,548,26632,34,134],"class_list":{"0":"post-113123","1":"post","2":"type-post","3":"status-publish","4":"format-standard","5":"has-post-thumbnail","7":"category-desporto","8":"tag-desporto","9":"tag-famalicao","10":"tag-lesao","11":"tag-maisfutebol","12":"tag-nuno-santos","13":"tag-pacos-de-ferreira","14":"tag-portugal","15":"tag-pt","16":"tag-pura-paixao","17":"tag-redes-sociais","18":"tag-regresso","19":"tag-sporting","20":"tag-sports"},"share_on_mastodon":{"url":"","error":""},"_links":{"self":[{"href":"https:\/\/www.europesays.com\/pt\/wp-json\/wp\/v2\/posts\/113123","targetHints":{"allow":["GET"]}}],"collection":[{"href":"https:\/\/www.europesays.com\/pt\/wp-json\/wp\/v2\/posts"}],"about":[{"href":"https:\/\/www.europesays.com\/pt\/wp-json\/wp\/v2\/types\/post"}],"author":[{"embeddable":true,"href":"https:\/\/www.europesays.com\/pt\/wp-json\/wp\/v2\/users\/2"}],"replies":[{"embeddable":true,"href":"https:\/\/www.europesays.com\/pt\/wp-json\/wp\/v2\/comments?post=113123"}],"version-history":[{"count":0,"href":"https:\/\/www.europesays.com\/pt\/wp-json\/wp\/v2\/posts\/113123\/revisions"}],"wp:featuredmedia":[{"embeddable":true,"href":"https:\/\/www.europesays.com\/pt\/wp-json\/wp\/v2\/media\/113124"}],"wp:attachment":[{"href":"https:\/\/www.europesays.com\/pt\/wp-json\/wp\/v2\/media?parent=113123"}],"wp:term":[{"taxonomy":"category","embeddable":true,"href":"https:\/\/www.europesays.com\/pt\/wp-json\/wp\/v2\/categories?post=113123"},{"taxonomy":"post_tag","embeddable":true,"href":"https:\/\/www.europesays.com\/pt\/wp-json\/wp\/v2\/tags?post=113123"}],"curies":[{"name":"wp","href":"https:\/\/api.w.org\/{rel}","templated":true}]}}