{"id":113137,"date":"2025-10-16T12:54:29","date_gmt":"2025-10-16T12:54:29","guid":{"rendered":"https:\/\/www.europesays.com\/pt\/113137\/"},"modified":"2025-10-16T12:54:29","modified_gmt":"2025-10-16T12:54:29","slug":"era-o-aniversario-dela-a-familia-tem-de-estar-nos-bons-e-maus-momentos","status":"publish","type":"post","link":"https:\/\/www.europesays.com\/pt\/113137\/","title":{"rendered":"\u201cEra o anivers\u00e1rio dela\u2026 a fam\u00edlia tem de estar nos bons e maus momentos\u201d"},"content":{"rendered":"<p>No <a href=\"https:\/\/tvi.iol.pt\/secretstory\" rel=\"nofollow noopener\" target=\"_blank\">Secret Story<\/a>, Comentador critica pais de <a href=\"https:\/\/infocul.pt\/atenta-ao-secret-story-marcia-soares-surpreende-ao-defender-liliana-ninguem-consegue-ser-forte-o-tempo-inteiro\/\" rel=\"nofollow noopener\" target=\"_blank\">Liliana Oliveira<\/a>: \u201cEra o anivers\u00e1rio dela\u2026 a fam\u00edlia tem de estar nos bons e maus momentos\u201d, disse.<\/p>\n<p>Liliana continua a gerar pol\u00e9mica dentro e fora da Casa dos Segredos<\/p>\n<p><strong>Liliana Oliveira<\/strong>, uma das concorrentes mais medi\u00e1ticas do <strong>\u201cSecret Story 9\u201d<\/strong>, tem vivido dias intensos dentro da casa e fora dela. A jovem de <strong>24 anos<\/strong> tornou-se protagonista de v\u00e1rias pol\u00e9micas desde que decidiu terminar o noivado com <strong>Z\u00e9 Andrade<\/strong>, com quem mantinha uma rela\u00e7\u00e3o de quatro anos, para viver a experi\u00eancia do reality show <strong>\u201cao m\u00e1ximo\u201d<\/strong>.<\/p>\n<p>No entanto, as suas atitudes n\u00e3o t\u00eam sido bem recebidas por todos \u2014 incluindo pela pr\u00f3pria fam\u00edlia. Segundo foi revelado, os pais da concorrente estar\u00e3o <strong>\u201cdesgostosos\u201d<\/strong> com o comportamento da filha e decidiram afastar-se completamente da exposi\u00e7\u00e3o medi\u00e1tica.<\/p>\n<p>Anivers\u00e1rio sem mensagem da fam\u00edlia<\/p>\n<p>Na semana passada, Liliana celebrou o seu <strong>24.\u00ba anivers\u00e1rio<\/strong> dentro da casa, mas a data passou sem qualquer gesto de carinho da parte da fam\u00edlia, o que motivou rea\u00e7\u00f5es fortes por parte dos comentadores.<\/p>\n<p>Durante o programa <strong>\u201c\u00daltima Hora\u201d<\/strong> desta ter\u00e7a-feira, <strong>14 de outubro<\/strong>, <strong>C\u00e2ndido Pereira<\/strong> manifestou-se indignado com o sil\u00eancio da fam\u00edlia da concorrente. O comentador afirmou:<br \/><strong>\u201cEu entendo que a fam\u00edlia possa estar chateada ou magoada. Eu n\u00e3o tenho a fam\u00edlia mais funcional do mundo e sei o que \u00e9 a aus\u00eancia, mas, por muito que estejam desiludidos com ela, era o anivers\u00e1rio dela.\u201d<\/strong><\/p>\n<p>O analista televisivo foi ainda mais direto na cr\u00edtica e acrescentou:<br \/><strong>\u201cN\u00e3o digo para mandarem um avi\u00e3o, fogo de artif\u00edcio ou paraquedistas, mas no m\u00ednimo um bolo, uma mensagem, uma carta. Acho que a fam\u00edlia tem de estar nos bons e maus momentos sempre.\u201d<\/strong><\/p>\n<p>\u201cIsto \u00e9 um sonho dela, tem de ser respeitado\u201d<\/p>\n<p>Apesar de reconhecer que as atitudes de Liliana dentro da casa podem gerar controv\u00e9rsia, C\u00e2ndido Pereira apelou \u00e0 empatia e ao apoio familiar.<br \/><strong>\u201cIsto \u00e9 um sonho dela, tem de ser respeitado. Se est\u00e1 a fazer da melhor forma? Isso \u00e9 discut\u00edvel.\u201d<\/strong>, rematou o comentador.<\/p>\n<p>A falta de contacto da fam\u00edlia com Liliana tem sido um dos temas mais comentados entre os f\u00e3s do programa, que se dividem entre quem entende o afastamento e quem, tal como C\u00e2ndido, defende que <strong>o amor e o apoio familiar n\u00e3o deveriam ter pausas \u2014 nem mesmo nos momentos de maior exposi\u00e7\u00e3o p\u00fablica.<\/strong><\/p>\n<p><a href=\"https:\/\/news.google.com\/publications\/CAAqBwgKMKfIoAswtNK4Aw\" target=\"_blank\" rel=\"noopener noreferrer nofollow\"><img loading=\"lazy\" data-lazyloaded=\"1\" width=\"481\" height=\"161\" decoding=\"async\" src=\"\/wp-content\/uploads\/2024\/02\/GN_siganos.png\" alt=\"Siga-nos no Google News\" style=\"margin-top:20px;\"\/><\/a><\/p>\n","protected":false},"excerpt":{"rendered":"No Secret Story, Comentador critica pais de Liliana Oliveira: \u201cEra o anivers\u00e1rio dela\u2026 a fam\u00edlia tem de estar&hellip;\n","protected":false},"author":2,"featured_media":113138,"comment_status":"","ping_status":"","sticky":false,"template":"","format":"standard","meta":{"footnotes":""},"categories":[142],"tags":[15374,2632,114,115,32,33,151],"class_list":{"0":"post-113137","1":"post","2":"type-post","3":"status-publish","4":"format-standard","5":"has-post-thumbnail","7":"category-tv","8":"tag-candido-pereira","9":"tag-casa-dos-segredos","10":"tag-entertainment","11":"tag-entretenimento","12":"tag-portugal","13":"tag-pt","14":"tag-tv"},"share_on_mastodon":{"url":"","error":""},"_links":{"self":[{"href":"https:\/\/www.europesays.com\/pt\/wp-json\/wp\/v2\/posts\/113137","targetHints":{"allow":["GET"]}}],"collection":[{"href":"https:\/\/www.europesays.com\/pt\/wp-json\/wp\/v2\/posts"}],"about":[{"href":"https:\/\/www.europesays.com\/pt\/wp-json\/wp\/v2\/types\/post"}],"author":[{"embeddable":true,"href":"https:\/\/www.europesays.com\/pt\/wp-json\/wp\/v2\/users\/2"}],"replies":[{"embeddable":true,"href":"https:\/\/www.europesays.com\/pt\/wp-json\/wp\/v2\/comments?post=113137"}],"version-history":[{"count":0,"href":"https:\/\/www.europesays.com\/pt\/wp-json\/wp\/v2\/posts\/113137\/revisions"}],"wp:featuredmedia":[{"embeddable":true,"href":"https:\/\/www.europesays.com\/pt\/wp-json\/wp\/v2\/media\/113138"}],"wp:attachment":[{"href":"https:\/\/www.europesays.com\/pt\/wp-json\/wp\/v2\/media?parent=113137"}],"wp:term":[{"taxonomy":"category","embeddable":true,"href":"https:\/\/www.europesays.com\/pt\/wp-json\/wp\/v2\/categories?post=113137"},{"taxonomy":"post_tag","embeddable":true,"href":"https:\/\/www.europesays.com\/pt\/wp-json\/wp\/v2\/tags?post=113137"}],"curies":[{"name":"wp","href":"https:\/\/api.w.org\/{rel}","templated":true}]}}