{"id":113171,"date":"2025-10-16T13:16:21","date_gmt":"2025-10-16T13:16:21","guid":{"rendered":"https:\/\/www.europesays.com\/pt\/113171\/"},"modified":"2025-10-16T13:16:21","modified_gmt":"2025-10-16T13:16:21","slug":"preco-da-luz-pode-subir-em-2026-erse-propoe-aumento-de-1-na-tarifa-regulada","status":"publish","type":"post","link":"https:\/\/www.europesays.com\/pt\/113171\/","title":{"rendered":"Pre\u00e7o da luz pode subir em 2026. ERSE prop\u00f5e aumento de 1% na tarifa regulada"},"content":{"rendered":"<p>&#13;<br \/>\n<b>O aumento dever\u00e1 cifrar-se entre os 20 e os 37 c\u00eantimos na fatura mensal, incluindo j\u00e1 taxas e impostos<\/b>. <b>De fora ficam os clientes do mercado livre<\/b>.<\/p>\n<p>De acordo com o regulador do setor energ\u00e9tico, <b>a subida agora proposta traduz-se num acr\u00e9scimo entre 0,20 e 0,37 euros na fatura mensal, j\u00e1 com taxas e impostos<\/b>.<\/p>\n<p>          <img decoding=\"async\" itemprop=\"image\" class=\"img-fluid\"   src=\"https:\/\/www.europesays.com\/pt\/wp-content\/uploads\/2025\/10\/c87ed3abbd59e2a0fefd07127d1584dd_N.jpg\"\/><\/p>\n<p>&#8220;Este acr\u00e9scimo \u00e9 inferior \u00e0 varia\u00e7\u00e3o prevista para o \u00cdndice Harmonizado de Pre\u00e7os no Consumidor (IHPC), o que representa uma redu\u00e7\u00e3o em termos reais&#8221;, assinala a ERSE.N\u00fameros do organismo regulador indicam que o mercado regulado abrangia, em agosto, mais de 820 mil clientes dom\u00e9sticos.<\/p>\n<p>As tarifas de venda a clientes finais, no mercado regulado, sofreram, em Portugal continental, uma varia\u00e7\u00e3o m\u00e9dia anual de 1,7 por cento de 2021 a 2026, ainda segunda a ERSE.<\/p>\n<p>No mercado livre, que em agosto tinha 5,7 milh\u00f5es de clientes, os pre\u00e7os praticados dependem da oferta contratualizada.A proposta de aumento de um por cento ser\u00e1 ojeto de &#13;<br \/>\nparecer do Conselho Tarif\u00e1rio at\u00e9 15 de novembro. A decis\u00e3o final da &#13;<br \/>\nERSE ficar\u00e1 selada at\u00e9 15 de dezembro.<\/p>\n<p>No que diz respeito aos consumidores em baixa tens\u00e3o, a varia\u00e7\u00e3o das tarifas de acesso \u00e0s redes acarreta uma subida de tr\u00eas por cento. <b>Para os consumidores n\u00e3o dom\u00e9sticos, em muito alta e alta tens\u00f5es, espera-se um recuo, respetivamente, de 3,2 e 0,9 por cento<\/b>.<\/p>\n<p>A varia\u00e7\u00e3o do pre\u00e7o final no mercado liberalizado \u00e9 igualmente condicionada pela componente de energia adquirida por cada comercializador nos mercados grossistas, a que se soma a margem de comercializa\u00e7\u00e3o.<\/p>\n<p>A ERSE recorda que <b>os clientes que beneficiam de tarifa social, no mercado regulado ou no livre, ir\u00e3o manter um desconto de 33,8 por cento<\/b>, &#8220;calculado por refer\u00eancia aos pre\u00e7os de venda a clientes finais do mercado regulado&#8221;.<\/p>\n<p>c\/ Lusa<br \/>&#13;<\/p>\n","protected":false},"excerpt":{"rendered":"&#13; O aumento dever\u00e1 cifrar-se entre os 20 e os 37 c\u00eantimos na fatura mensal, incluindo j\u00e1 taxas&hellip;\n","protected":false},"author":2,"featured_media":113172,"comment_status":"","ping_status":"","sticky":false,"template":"","format":"standard","meta":{"footnotes":""},"categories":[83],"tags":[88,89,3118,90,26634,12077,42,32,10700,33,26635],"class_list":{"0":"post-113171","1":"post","2":"type-post","3":"status-publish","4":"format-standard","5":"has-post-thumbnail","7":"category-empresas","8":"tag-business","9":"tag-economy","10":"tag-eletricidade","11":"tag-empresas","12":"tag-erse","13":"tag-familias","14":"tag-mercado","15":"tag-portugal","16":"tag-preco","17":"tag-pt","18":"tag-regulado"},"share_on_mastodon":{"url":"","error":""},"_links":{"self":[{"href":"https:\/\/www.europesays.com\/pt\/wp-json\/wp\/v2\/posts\/113171","targetHints":{"allow":["GET"]}}],"collection":[{"href":"https:\/\/www.europesays.com\/pt\/wp-json\/wp\/v2\/posts"}],"about":[{"href":"https:\/\/www.europesays.com\/pt\/wp-json\/wp\/v2\/types\/post"}],"author":[{"embeddable":true,"href":"https:\/\/www.europesays.com\/pt\/wp-json\/wp\/v2\/users\/2"}],"replies":[{"embeddable":true,"href":"https:\/\/www.europesays.com\/pt\/wp-json\/wp\/v2\/comments?post=113171"}],"version-history":[{"count":0,"href":"https:\/\/www.europesays.com\/pt\/wp-json\/wp\/v2\/posts\/113171\/revisions"}],"wp:featuredmedia":[{"embeddable":true,"href":"https:\/\/www.europesays.com\/pt\/wp-json\/wp\/v2\/media\/113172"}],"wp:attachment":[{"href":"https:\/\/www.europesays.com\/pt\/wp-json\/wp\/v2\/media?parent=113171"}],"wp:term":[{"taxonomy":"category","embeddable":true,"href":"https:\/\/www.europesays.com\/pt\/wp-json\/wp\/v2\/categories?post=113171"},{"taxonomy":"post_tag","embeddable":true,"href":"https:\/\/www.europesays.com\/pt\/wp-json\/wp\/v2\/tags?post=113171"}],"curies":[{"name":"wp","href":"https:\/\/api.w.org\/{rel}","templated":true}]}}