{"id":113211,"date":"2025-10-16T13:54:20","date_gmt":"2025-10-16T13:54:20","guid":{"rendered":"https:\/\/www.europesays.com\/pt\/113211\/"},"modified":"2025-10-16T13:54:20","modified_gmt":"2025-10-16T13:54:20","slug":"rita-pereira-faz-sentido-desabafo-ha-dias-em-que-sinto-que-estou-so-a-sobreviver","status":"publish","type":"post","link":"https:\/\/www.europesays.com\/pt\/113211\/","title":{"rendered":"Rita Pereira &#8211; Faz sentido desabafo: &#8220;H\u00e1 dias em que sinto que estou s\u00f3 a sobreviver&#8221;"},"content":{"rendered":"<p>A poucos dias da estreia de \u201cTerra Forte\u201d, a nova novela da TVI, <strong>Rita Pereira <\/strong>tem vivido uma das fases mais intensas da sua vida. A atriz, m\u00e3e de<strong> Lon\u00f4<\/strong>, de seis anos, e <strong>Low\u00ea,<\/strong> de apenas 11 meses, divide o tempo entre as longas horas de grava\u00e7\u00f5es, a maternidade e a gest\u00e3o do seu dia a dia.<\/p>\n<p>Esta quarta-feira, antes de mais um dia de filmagens, Rita Pereira recorreu \u00e0s redes sociais para partilhar um desabafo: <strong>\u201cJuro que h\u00e1 dias que sinto mesmo que s\u00f3 estou a sobreviver. Gravar, cuidar das crian\u00e7as, estudar texto, dormir, voltar a gravar e isto em loop h\u00e1 meses&#8230;\u201d<\/strong><\/p>\n<p>A atriz\u00a0revelou ainda que o dia prometia ser especialmente desgastante, devido \u00e0s grava\u00e7\u00f5es no mar: <strong>\u201cE hoje ainda tenho duas horas de caminho para o set de grava\u00e7\u00f5es, onde vou passar o dia a nadar no mar, sim a nadarrrr! As minhas cenas s\u00e3o todas dentro de \u00e1gua a discutir, a lutar e a salvar algu\u00e9m de morrer afogado. N\u00e3o sei se ria se chore.\u201d<\/strong><\/p>\n<p>No final da partilha, a atriz e influencer antecipou as cr\u00edticas que costuma receber quando fala sobre os desafios da profiss\u00e3o: <strong>\u201cDe resto, \u2018ah e tal foi a vida que escolheste, n\u00e3o te queixes, temos pena, olha esta, tal e coiso\u2019. Um bom dia para todos porque o mais importante \u00e9 que fa\u00e7o o que gosto e tenho sa\u00fade.\u201d<\/strong><\/p>\n<p><strong>Leia ainda: <\/strong><a href=\"https:\/\/www.novagente.pt\/rita-pereira-rita-pereira-sofre-queda-aparatosa-bati-com-cabeca\" rel=\"nofollow noopener\" target=\"_blank\">Rita Pereira sofre queda aparatosa<\/a><br \/>Texto: Tiago Miguel Sim\u00f5es; Fotos: Impala\u00a0<\/p>\n<p class=\"intagram-text\">Siga a Nova Gente no Instagram<\/p>\n<p>                        <a href=\"https:\/\/www.instagram.com\/revistanovagente\/\" target=\"_blank\" aria-label=\"instagram\" rel=\"noopener nofollow\"><img decoding=\"async\" style=\"display: block; margin-left: auto; margin-right: auto; width: 250px; height: 83px;\" src=\"https:\/\/www.europesays.com\/pt\/wp-content\/uploads\/2025\/10\/Instagram_NG.png\" alt=\"instagram\"\/><\/a><br \/>\n                    <script async src=\"\/\/www.instagram.com\/embed.js\"><\/script><\/p>\n","protected":false},"excerpt":{"rendered":"A poucos dias da estreia de \u201cTerra Forte\u201d, a nova novela da TVI, Rita Pereira tem vivido uma&hellip;\n","protected":false},"author":2,"featured_media":113212,"comment_status":"","ping_status":"","sticky":false,"template":"","format":"standard","meta":{"footnotes":""},"categories":[145],"tags":[211,210,3864,114,115,32,33,5871,162],"class_list":{"0":"post-113211","1":"post","2":"type-post","3":"status-publish","4":"format-standard","5":"has-post-thumbnail","7":"category-celebridades","8":"tag-celebridades","9":"tag-celebrities","10":"tag-desabafo","11":"tag-entertainment","12":"tag-entretenimento","13":"tag-portugal","14":"tag-pt","15":"tag-rita-pereira","16":"tag-tvi"},"share_on_mastodon":{"url":"","error":""},"_links":{"self":[{"href":"https:\/\/www.europesays.com\/pt\/wp-json\/wp\/v2\/posts\/113211","targetHints":{"allow":["GET"]}}],"collection":[{"href":"https:\/\/www.europesays.com\/pt\/wp-json\/wp\/v2\/posts"}],"about":[{"href":"https:\/\/www.europesays.com\/pt\/wp-json\/wp\/v2\/types\/post"}],"author":[{"embeddable":true,"href":"https:\/\/www.europesays.com\/pt\/wp-json\/wp\/v2\/users\/2"}],"replies":[{"embeddable":true,"href":"https:\/\/www.europesays.com\/pt\/wp-json\/wp\/v2\/comments?post=113211"}],"version-history":[{"count":0,"href":"https:\/\/www.europesays.com\/pt\/wp-json\/wp\/v2\/posts\/113211\/revisions"}],"wp:featuredmedia":[{"embeddable":true,"href":"https:\/\/www.europesays.com\/pt\/wp-json\/wp\/v2\/media\/113212"}],"wp:attachment":[{"href":"https:\/\/www.europesays.com\/pt\/wp-json\/wp\/v2\/media?parent=113211"}],"wp:term":[{"taxonomy":"category","embeddable":true,"href":"https:\/\/www.europesays.com\/pt\/wp-json\/wp\/v2\/categories?post=113211"},{"taxonomy":"post_tag","embeddable":true,"href":"https:\/\/www.europesays.com\/pt\/wp-json\/wp\/v2\/tags?post=113211"}],"curies":[{"name":"wp","href":"https:\/\/api.w.org\/{rel}","templated":true}]}}