{"id":113245,"date":"2025-10-16T14:22:09","date_gmt":"2025-10-16T14:22:09","guid":{"rendered":"https:\/\/www.europesays.com\/pt\/113245\/"},"modified":"2025-10-16T14:22:09","modified_gmt":"2025-10-16T14:22:09","slug":"processador-apple-m5-potencia-novos-ipad-macbook-e-vision-pro-lancamento","status":"publish","type":"post","link":"https:\/\/www.europesays.com\/pt\/113245\/","title":{"rendered":"Processador Apple M5 potencia novos iPad, MacBook e Vision Pro | Lan\u00e7amento"},"content":{"rendered":"<p>A Apple anunciou nesta quarta-feira um novo processador, o M5, integrado na mais recente actualiza\u00e7\u00e3o de tr\u00eas das suas linhas de produtos: o <a href=\"https:\/\/www.publico.pt\/ipad\" rel=\"nofollow noopener\" target=\"_blank\">iPad<\/a> Pro, o MacBook Pro de 14 polegadas e o Vision Pro. Os novos equipamentos, j\u00e1 dispon\u00edveis para pr\u00e9-encomenda e com chegada ao mercado agendada para 22 de Outubro, reflectem a estrat\u00e9gia da empresa em refor\u00e7ar o processamento de <a href=\"https:\/\/www.publico.pt\/inteligencia-artificial\" rel=\"nofollow noopener\" target=\"_blank\">intelig\u00eancia artificial<\/a> directamente no dispositivo, o que resulta, segundo a marca americana, em melhorias no desempenho e na efici\u00eancia energ\u00e9tica. O novo chip utiliza um processo de fabrico de tr\u00eas nan\u00f3metros de terceira gera\u00e7\u00e3o, uma evolu\u00e7\u00e3o que permite acomodar um maior n\u00famero de trans\u00edstores e optimizar o consumo.<\/p>\n<p><strong>Centrado na intelig\u00eancia artificial<\/strong><\/p>\n<p>A arquitectura do processador gr\u00e1fico (GPU) do M5 constitui uma das principais actualiza\u00e7\u00f5es. A unidade de processamento gr\u00e1fico de dez n\u00facleos foi desenhada para acelerar tarefas de intelig\u00eancia artificial. De acordo com a <a href=\"https:\/\/www.publico.pt\/apple\" rel=\"nofollow noopener\" target=\"_blank\">Apple<\/a>, cada n\u00facleo do GPU possui agora um \u201cacelerador neural\u201d, o que se traduz num desempenho de computa\u00e7\u00e3o para IA que pode ser mais de quatro vezes superior ao do seu antecessor, o M4. Esta altera\u00e7\u00e3o reflecte-se na experi\u00eancia de utiliza\u00e7\u00e3o, acelerando processos como a gera\u00e7\u00e3o de imagens em aplica\u00e7\u00f5es como o Draw Things ou a edi\u00e7\u00e3o de v\u00eddeo em software como o DaVinci Resolve. Johny Srouji, vice-presidente s\u00e9nior de tecnologias de hardware da Apple, referiu em comunicado que o M5 introduz \u201co pr\u00f3ximo grande salto no desempenho de IA para o Apple\u201d. O processador conta ainda com um \u201cneural engine\u201d de 16 n\u00facleos melhorado e uma largura de banda de mem\u00f3ria unificada de 153 GB\/s (gigabytes por segundo), um acr\u00e9scimo de quase 30%, que dever\u00e1 permitir ao sistema lidar com modelos de linguagem de grande dimens\u00e3o e com um n\u00edvel de multitarefa mais exigente.<\/p>\n<p>                &#13;<br \/>\n                    &#13;<br \/>\n                    &#13;<br \/>\n                        Os novos  iPad Pro prometem mais desempenho em aplica\u00e7\u00f5es exigentes, como em edi\u00e7\u00e3o de v\u00eddeo&#13;<br \/>\nDR                    &#13;<\/p>\n<p><strong>Equipamentos actualizados<\/strong><\/p>\n<p>A nova gama de produtos tira partido desta capacidade de processamento. O iPad Pro, nos modelos de 11 e 13 polegadas, continua a posicionar-se como uma alternativa a um computador port\u00e1til, uma direc\u00e7\u00e3o refor\u00e7ada pelas novas funcionalidades de gest\u00e3o de janelas e organiza\u00e7\u00e3o de ficheiros do iPadOS 26. A Apple afirma que o desempenho em tarefas de IA no novo tablet \u00e9 at\u00e9 3,5 vezes superior ao do modelo anterior e 5,6 vezes mais r\u00e1pido que o iPad Pro com o chip M1.<\/p>\n<p>O dispositivo integra tamb\u00e9m o modem C1X da Apple, que oferece um desempenho de dados m\u00f3veis at\u00e9 50% mais r\u00e1pido, e o chip N1 para conectividade Wi-Fi e Bluetooth. As velocidades de leitura e escrita do armazenamento foram tamb\u00e9m melhoradas, e o sistema de carregamento r\u00e1pido permite alcan\u00e7ar 50% de bateria em aproximadamente 30 minutos. Os pre\u00e7os iniciam-se nos 1129 euros para o modelo de 11 polegadas e nos 1479 euros para o de 13 polegadas.<\/p>\n<p>        &#13;<\/p>\n<p>&#13;<br \/>\n                &#13;\n            <\/p>\n<p>&#13;<\/p>\n<p>No segmento dos port\u00e1teis, o novo MacBook Pro de 14 polegadas apresenta um desempenho gr\u00e1fico at\u00e9 1,6 vezes superior ao da gera\u00e7\u00e3o anterior. A maior largura de banda da mem\u00f3ria e as velocidades de armazenamento optimizadas resultam numa maior efici\u00eancia em fluxos de trabalho como a compila\u00e7\u00e3o de c\u00f3digo ou a edi\u00e7\u00e3o de v\u00eddeo. A autonomia da bateria, que pode atingir as 24 horas de utiliza\u00e7\u00e3o, \u00e9 um dos pontos destacados. Este modelo est\u00e1 dispon\u00edvel nas cores cinzento sideral e prateado, com um pre\u00e7o a partir de 1849 euros.<\/p>\n<p>Finalmente, os \u00f3culos <a href=\"https:\/\/www.publico.pt\/2023\/06\/05\/tecnologia\/noticia\/vision-pro-apple-apresenta-novo-tipo-computador-forma-oculos-realidade-aumentada-2052342\" rel=\"nofollow noopener\" target=\"_blank\">Vision Pro<\/a> recebem uma actualiza\u00e7\u00e3o substancial ao transitar do processador M2 para o M5. Este aumento de capacidade de processamento permite melhorar a gera\u00e7\u00e3o de imagens do ecr\u00e3 em 10%, suportar taxas de actualiza\u00e7\u00e3o at\u00e9 120 Hz (acima dos 100 Hz anteriores) e acelerar funcionalidades baseadas em IA em 50%. A autonomia da bateria foi estendida em 30 minutos, proporcionando at\u00e9 2h30 de uso geral. Para melhorar o conforto, o Vision Pro actualizado inclui uma nova banda de suporte designada Dual Knit Band. O pre\u00e7o mant\u00e9m-se nos 3499 d\u00f3lares (cerca de 3255 euros), mantendo-se o produto indispon\u00edvel para venda em Portugal.<\/p>\n","protected":false},"excerpt":{"rendered":"A Apple anunciou nesta quarta-feira um novo processador, o M5, integrado na mais recente actualiza\u00e7\u00e3o de tr\u00eas das&hellip;\n","protected":false},"author":2,"featured_media":113246,"comment_status":"","ping_status":"","sticky":false,"template":"","format":"standard","meta":{"footnotes":""},"categories":[84],"tags":[247,109,107,108,15488,246,250,271,32,33,105,103,104,106,110],"class_list":{"0":"post-113245","1":"post","2":"type-post","3":"status-publish","4":"format-standard","5":"has-post-thumbnail","7":"category-ciencia-e-tecnologia","8":"tag-apple","9":"tag-ciencia","10":"tag-ciencia-e-tecnologia","11":"tag-cienciaetecnologia","12":"tag-computadores","13":"tag-enter","14":"tag-ipad","15":"tag-lancamento","16":"tag-portugal","17":"tag-pt","18":"tag-science","19":"tag-science-and-technology","20":"tag-scienceandtechnology","21":"tag-technology","22":"tag-tecnologia"},"share_on_mastodon":{"url":"","error":""},"_links":{"self":[{"href":"https:\/\/www.europesays.com\/pt\/wp-json\/wp\/v2\/posts\/113245","targetHints":{"allow":["GET"]}}],"collection":[{"href":"https:\/\/www.europesays.com\/pt\/wp-json\/wp\/v2\/posts"}],"about":[{"href":"https:\/\/www.europesays.com\/pt\/wp-json\/wp\/v2\/types\/post"}],"author":[{"embeddable":true,"href":"https:\/\/www.europesays.com\/pt\/wp-json\/wp\/v2\/users\/2"}],"replies":[{"embeddable":true,"href":"https:\/\/www.europesays.com\/pt\/wp-json\/wp\/v2\/comments?post=113245"}],"version-history":[{"count":0,"href":"https:\/\/www.europesays.com\/pt\/wp-json\/wp\/v2\/posts\/113245\/revisions"}],"wp:featuredmedia":[{"embeddable":true,"href":"https:\/\/www.europesays.com\/pt\/wp-json\/wp\/v2\/media\/113246"}],"wp:attachment":[{"href":"https:\/\/www.europesays.com\/pt\/wp-json\/wp\/v2\/media?parent=113245"}],"wp:term":[{"taxonomy":"category","embeddable":true,"href":"https:\/\/www.europesays.com\/pt\/wp-json\/wp\/v2\/categories?post=113245"},{"taxonomy":"post_tag","embeddable":true,"href":"https:\/\/www.europesays.com\/pt\/wp-json\/wp\/v2\/tags?post=113245"}],"curies":[{"name":"wp","href":"https:\/\/api.w.org\/{rel}","templated":true}]}}