{"id":113257,"date":"2025-10-16T14:30:15","date_gmt":"2025-10-16T14:30:15","guid":{"rendered":"https:\/\/www.europesays.com\/pt\/113257\/"},"modified":"2025-10-16T14:30:15","modified_gmt":"2025-10-16T14:30:15","slug":"instituto-estadual-do-livro-divulga-obras-finalistas-do-premio-minuano-de-literatura-2025","status":"publish","type":"post","link":"https:\/\/www.europesays.com\/pt\/113257\/","title":{"rendered":"Instituto Estadual do Livro divulga obras finalistas do Pr\u00eamio Minuano de Literatura 2025"},"content":{"rendered":"<p>A Secretaria da Cultura (Sedac), por meio do Instituto Estadual do Livro (IEL), anuncia as obras finalistas do Pr\u00eamio Minuano de Literatura 2025. Os vencedores de cada categoria ser\u00e3o conhecidos em cerim\u00f4nia a ser realizada em 13 de novembro, durante a Feira do Livro de Porto Alegre, na qual receber\u00e3o trof\u00e9u e premia\u00e7\u00e3o de R$ 5 mil. Al\u00e9m disso, o \u201cLivro do Ano\u201d ganhar\u00e1 um trof\u00e9u e mais R$ 5 mil, totalizando R$ 10 mil.<\/p>\n<p>As comiss\u00f5es de avalia\u00e7\u00e3o, compostas por professores, escritores e profissionais da \u00e1rea do livro, indicaram tr\u00eas t\u00edtulos em cada um dos segmentos do concurso: Narrativa Longa, Narrativa Curta, Poesia, Infantil, Juvenil e N\u00e3o Fic\u00e7\u00e3o. O IEL recebeu a inscri\u00e7\u00e3o de 381 obras, das quais 334 tiveram sua inscri\u00e7\u00e3o homologada. Mais detalhes sobre o Pr\u00eamio, regulamento e hist\u00f3rico do certame est\u00e3o dispon\u00edveis no\u00a0<a href=\"http:\/\/ielrs.blogspot.com\/\" target=\"_blank\" rel=\"nofollow noopener\"><strong>site do Instituto<\/strong><\/a>. D\u00favidas podem ser encaminhadas para o e-mail <a href=\"https:\/\/www.estado.rs.gov.br\/mailto:iel@sedac.rs.gov.br\" target=\"_blank\" rel=\"nofollow noopener\"><strong>iel@sedac.rs.gov.br<\/strong><\/a>.<\/p>\n<p>Organizado pelo IEL, o Pr\u00eamio Minuano de Literatura \u00e9 realizado desde 2018. Tem como objetivo ressaltar e reconhecer a produ\u00e7\u00e3o liter\u00e1ria ga\u00facha, contribuindo para sua divulga\u00e7\u00e3o e para o incentivo \u00e0 leitura e \u00e0 produ\u00e7\u00e3o escrita. Podem participar escritores nascidos ou residentes no Rio Grande do Sul com obras publicadas. Desde 2024, al\u00e9m de trof\u00e9u, \u00e9 conferida premia\u00e7\u00e3o em dinheiro aos vencedores. Em 2025, a soma das premia\u00e7\u00f5es em dinheiro atinge o valor de R$ 35 mil, contribuindo para fortalecer a cadeia produtiva do livro.<\/p>\n<p><strong>Lista dos finalistas<\/strong><\/p>\n<ul>\n<li><strong>Categoria Narrativa Longa:<\/strong><br \/>A\u00e7ougueira, de Marina Monteiro, Editora Claraboia;<br \/>A mulher de dois esqueletos, de Julia Dantas, Editora Dublinense;<br \/>Vera, de Jos\u00e9 Falero, Editora Todavia.<\/li>\n<\/ul>\n<ul>\n<li><strong>Categoria Narrativa Curta:<\/strong><br \/>Cidade abstrata, de Fl\u00e1vio Kiefer, Editora Libretos;<br \/>Condi\u00e7\u00f5es ideais de navega\u00e7\u00e3o para iniciantes, de Natalia Borges Polesso, Editora Cia. das Letras;<br \/>Flora e fauna, de Luciana Brand\u00e3o, Editora Libertinagem.<\/li>\n<\/ul>\n<ul>\n<li><strong>Categoria Poesia:<br \/><\/strong>A passageira, de Lorena Martins, Editora 7Letras;<br \/>Kitnet de vidro, de Diuli de Castilhos, Editora Laranja Original;<br \/>O mar enquanto, de Diego Lock Farina, Editora Contratempo.<\/li>\n<\/ul>\n<ul>\n<li><strong>Categoria Infantil:<br \/><\/strong>Deu a louca nas lendas, de Ant\u00f4nio Schimeneck, Anna Claudia Ramos e Rafa Ant\u00f3n, Editora Ciranda na Escola;<br \/>Meu pai saiu para fazer barcos, de Pablo Morenno e Lumina Pirilampus, Editora Abacatte Editorial;<br \/>Mundo rob\u00f4, de Christian David, Alexandre Brito e Isabela Santos, Editora Ama Livros.<\/li>\n<\/ul>\n<ul>\n<li><strong>Categoria Juvenil:<br \/><\/strong>At\u00e9 que o div\u00f3rcio vos re\u00fana, de Bruna Tessuto, Editora Metamorfose;<br \/>6 estrelas e o mist\u00e9rio da dama fantasma, de Maristela Scheuer Deves, Editora Avec;<br \/>P\u00f3lvora, de Rafael Marantes, Editora Libretos.<\/li>\n<\/ul>\n<ul>\n<li><strong>Categoria N\u00e3o Fic\u00e7\u00e3o:<\/strong><br \/>A enchente de 24, de Andr\u00e9 Malinoski, Marcelo Gonzatto e Rodrigo Lopes, Editora BesouroBox;<br \/>Da sempre tua, de Claudia Tajes e Diana Corso, Editora Arquip\u00e9lago;<br \/>O que n\u00e3o tem censura nem nunca ter\u00e1, de M\u00e1rcio Pinheiro, Editora L&amp;PM.<\/li>\n<\/ul>\n<p>Texto: Ascom IEL<br \/>Edi\u00e7\u00e3o: Secom\u00a0<\/p>\n","protected":false},"excerpt":{"rendered":"A Secretaria da Cultura (Sedac), por meio do Instituto Estadual do Livro (IEL), anuncia as obras finalistas do&hellip;\n","protected":false},"author":2,"featured_media":113258,"comment_status":"","ping_status":"","sticky":false,"template":"","format":"standard","meta":{"footnotes":""},"categories":[143],"tags":[169,114,115,170,32,33],"class_list":{"0":"post-113257","1":"post","2":"type-post","3":"status-publish","4":"format-standard","5":"has-post-thumbnail","7":"category-livros","8":"tag-books","9":"tag-entertainment","10":"tag-entretenimento","11":"tag-livros","12":"tag-portugal","13":"tag-pt"},"share_on_mastodon":{"url":"","error":""},"_links":{"self":[{"href":"https:\/\/www.europesays.com\/pt\/wp-json\/wp\/v2\/posts\/113257","targetHints":{"allow":["GET"]}}],"collection":[{"href":"https:\/\/www.europesays.com\/pt\/wp-json\/wp\/v2\/posts"}],"about":[{"href":"https:\/\/www.europesays.com\/pt\/wp-json\/wp\/v2\/types\/post"}],"author":[{"embeddable":true,"href":"https:\/\/www.europesays.com\/pt\/wp-json\/wp\/v2\/users\/2"}],"replies":[{"embeddable":true,"href":"https:\/\/www.europesays.com\/pt\/wp-json\/wp\/v2\/comments?post=113257"}],"version-history":[{"count":0,"href":"https:\/\/www.europesays.com\/pt\/wp-json\/wp\/v2\/posts\/113257\/revisions"}],"wp:featuredmedia":[{"embeddable":true,"href":"https:\/\/www.europesays.com\/pt\/wp-json\/wp\/v2\/media\/113258"}],"wp:attachment":[{"href":"https:\/\/www.europesays.com\/pt\/wp-json\/wp\/v2\/media?parent=113257"}],"wp:term":[{"taxonomy":"category","embeddable":true,"href":"https:\/\/www.europesays.com\/pt\/wp-json\/wp\/v2\/categories?post=113257"},{"taxonomy":"post_tag","embeddable":true,"href":"https:\/\/www.europesays.com\/pt\/wp-json\/wp\/v2\/tags?post=113257"}],"curies":[{"name":"wp","href":"https:\/\/api.w.org\/{rel}","templated":true}]}}