{"id":113278,"date":"2025-10-16T14:46:09","date_gmt":"2025-10-16T14:46:09","guid":{"rendered":"https:\/\/www.europesays.com\/pt\/113278\/"},"modified":"2025-10-16T14:46:09","modified_gmt":"2025-10-16T14:46:09","slug":"em-defesa-do-sns-fnam-anuncia-greve-de-medicos-para-24-de-outubro","status":"publish","type":"post","link":"https:\/\/www.europesays.com\/pt\/113278\/","title":{"rendered":"&#8220;Em defesa do SNS&#8221;. FNAM anuncia greve de m\u00e9dicos para 24 de outubro"},"content":{"rendered":"<p>                    O an\u00fancio partiu da secret\u00e1ria-geral da FNAM, Joana Bordalo e S\u00e1, na sequ\u00eancia de uma reuni\u00e3o no Minist\u00e9rio da Sa\u00fade. <b>A dirigente sindical observou que os diplomas apresentados pelo Governo podem conduzir ao &#8220;fim de v\u00e1rias urg\u00eancias de ginecologia e obstetr\u00edcia&#8221;<\/b>.<\/p>\n<p>&#8220;S\u00e3o diplomas que podem ser extremamente prejudiciais para a popula\u00e7\u00e3o, uma vez que pressup\u00f5em, em rela\u00e7\u00e3o \u00e0 urg\u00eancia de obstetr\u00edcia, <b>encerramento definitivo de urg\u00eancias<\/b>. O que vai acontecer \u00e9 que, ao concentrar urg\u00eancias, por exemplo em Almada, v\u00e3o manter as gr\u00e1vidas e os beb\u00e9s da regi\u00e3o da pen\u00ednsula de Set\u00fabal sem servi\u00e7os de proximidade&#8221;, enunciou Joana Bordalo e S\u00e1.<\/p>\n<p>          <img decoding=\"async\" itemprop=\"image\" class=\"img-fluid\"   src=\"https:\/\/www.europesays.com\/pt\/wp-content\/uploads\/2025\/10\/c22878572f855572e5b14163a4d28a7b_N.jpg\"\/><\/p>\n<p>&#8220;Uma vez que n\u00f3s vimos para esta reuni\u00e3o sem sequer conhecer os diplomas, que n\u00e3o nos foram enviados &#8211; isto ir\u00e1 para publica\u00e7\u00e3o a partir do dia 1 de novembro -, <b>obviamente n\u00e3o est\u00e3o a fazer uma negocia\u00e7\u00e3o s\u00e9ria<\/b>, mas tamb\u00e9m n\u00e3o \u00e9 nada que nos espante, tendo em conta o modus operandi deste Governo de Lu\u00eds Montenegro ao longo de toda a sua governa\u00e7\u00e3o&#8221;, acentuou.<\/p>\n<p>&#8220;E portanto,<b> os m\u00e9dicos ir\u00e3o avan\u00e7ar com a greve, sim, no dia 24 de outubro, na defesa do nosso trabalho, na defesa do SNS&#8221;<\/b>, rematou.<br \/>\n&#8220;Contrariando as boas pr\u00e1ticas&#8221;<br \/>&#13;<br \/>\n<br \/>\nNa antec\u00e2mara da reuni\u00e3o com a tutela, a FNAM adiantara, em comunicado, ter sido convocada pelo Minist\u00e9rio da Sa\u00fade para um encontro de &#8220;negocia\u00e7\u00e3o coletiva no \u00e2mbito da carreira m\u00e9dica&#8221;. A estrutura sindical advertia logo na segunda-feira que <b>a reuni\u00e3o decorreria &#8220;sem envio pr\u00e9vio de ordem de trabalhos ou qualquer proposta de diploma legislativo, contrariando as boas pr\u00e1ticas da negocia\u00e7\u00e3o coletiva e a boa-f\u00e9 negocial&#8221;<\/b>.  <\/p>\n<p>&#8220;Este encontro deve marcar o momento em que a ministra da Sa\u00fade, Ana Paula Martins, abandona a postura de bloqueio e assume o di\u00e1logo s\u00e9rio que permita aos m\u00e9dicos exercer a sua profiss\u00e3o com dignidade, em vez de continuarem a ser empurrados para fora do SNS&#8221;, enfatizava ent\u00e3o a federa\u00e7\u00e3o.A FNAM reclama &#8220;condi\u00e7\u00f5es dignas e sal\u00e1rios justos&#8221;, num contexto em que &#8220;o SNS atravessa uma crise sem precedentes&#8221;.<\/p>\n<p><b>&#8220;Unidades de sa\u00fade encerradas, servi\u00e7os de urg\u00eancia sobrelotados&#8221;, beb\u00e9s a nascer em ambul\u00e2ncias ou na rua s\u00e3o situa\u00e7\u00f5es denunciadas pela Federa\u00e7\u00e3o Nacional dos M\u00e9dicos<\/b>. &#8220;De Chaves ao Algarve, gr\u00e1vidas, crian\u00e7as e idosos percorrem dezenas de quil\u00f3metros para aceder a cuidados m\u00e9dicos essenciais&#8221;.<\/p>\n<p>A federa\u00e7\u00e3o defende, em concreto, a reposi\u00e7\u00e3o do hor\u00e1rio semanal de 35 horas e a recupera\u00e7\u00e3o do poder de compra. Reivindica ainda a reintegra\u00e7\u00e3o do internato na carreira m\u00e9dica, a recupera\u00e7\u00e3o de dias de f\u00e9rias perdidos, a melhoria da forma\u00e7\u00e3o cont\u00ednua e o fortalecimento das medidas de apoio \u00e0 parentalidade.  <\/p>\n<p>&#8220;S\u00e3o medidas, muitas delas sem impacto or\u00e7amental, que permitiriam aos m\u00e9dicos conciliar a vida profissional, pessoal e familiar, valorizando a carreira m\u00e9dica e contribuindo para a sustentabilidade do SNS&#8221;.<\/p>\n<p>c\/ Lusa<br \/>&#13;<\/p>\n","protected":false},"excerpt":{"rendered":"O an\u00fancio partiu da secret\u00e1ria-geral da FNAM, Joana Bordalo e S\u00e1, na sequ\u00eancia de uma reuni\u00e3o no Minist\u00e9rio&hellip;\n","protected":false},"author":2,"featured_media":113279,"comment_status":"","ping_status":"","sticky":false,"template":"","format":"standard","meta":{"footnotes":""},"categories":[8],"tags":[27,28,15,16,26650,7234,1322,14,25,26,21,22,2647,12,13,19,20,32,23,24,33,17,18,29,30,31],"class_list":{"0":"post-113278","1":"post","2":"type-post","3":"status-publish","4":"format-standard","5":"has-post-thumbnail","7":"category-principais-noticias","8":"tag-breaking-news","9":"tag-breakingnews","10":"tag-featured-news","11":"tag-featurednews","12":"tag-federacao","13":"tag-fnam","14":"tag-greve","15":"tag-headlines","16":"tag-latest-news","17":"tag-latestnews","18":"tag-main-news","19":"tag-mainnews","20":"tag-medicos","21":"tag-news","22":"tag-noticias","23":"tag-noticias-principais","24":"tag-noticiasprincipais","25":"tag-portugal","26":"tag-principais-noticias","27":"tag-principaisnoticias","28":"tag-pt","29":"tag-top-stories","30":"tag-topstories","31":"tag-ultimas","32":"tag-ultimas-noticias","33":"tag-ultimasnoticias"},"share_on_mastodon":{"url":"","error":""},"_links":{"self":[{"href":"https:\/\/www.europesays.com\/pt\/wp-json\/wp\/v2\/posts\/113278","targetHints":{"allow":["GET"]}}],"collection":[{"href":"https:\/\/www.europesays.com\/pt\/wp-json\/wp\/v2\/posts"}],"about":[{"href":"https:\/\/www.europesays.com\/pt\/wp-json\/wp\/v2\/types\/post"}],"author":[{"embeddable":true,"href":"https:\/\/www.europesays.com\/pt\/wp-json\/wp\/v2\/users\/2"}],"replies":[{"embeddable":true,"href":"https:\/\/www.europesays.com\/pt\/wp-json\/wp\/v2\/comments?post=113278"}],"version-history":[{"count":0,"href":"https:\/\/www.europesays.com\/pt\/wp-json\/wp\/v2\/posts\/113278\/revisions"}],"wp:featuredmedia":[{"embeddable":true,"href":"https:\/\/www.europesays.com\/pt\/wp-json\/wp\/v2\/media\/113279"}],"wp:attachment":[{"href":"https:\/\/www.europesays.com\/pt\/wp-json\/wp\/v2\/media?parent=113278"}],"wp:term":[{"taxonomy":"category","embeddable":true,"href":"https:\/\/www.europesays.com\/pt\/wp-json\/wp\/v2\/categories?post=113278"},{"taxonomy":"post_tag","embeddable":true,"href":"https:\/\/www.europesays.com\/pt\/wp-json\/wp\/v2\/tags?post=113278"}],"curies":[{"name":"wp","href":"https:\/\/api.w.org\/{rel}","templated":true}]}}