{"id":113297,"date":"2025-10-16T14:57:22","date_gmt":"2025-10-16T14:57:22","guid":{"rendered":"https:\/\/www.europesays.com\/pt\/113297\/"},"modified":"2025-10-16T14:57:22","modified_gmt":"2025-10-16T14:57:22","slug":"alfa-romeo-atualizou-o-tonale-para-2026-o-que-mudou","status":"publish","type":"post","link":"https:\/\/www.europesays.com\/pt\/113297\/","title":{"rendered":"Alfa Romeo atualizou o Tonale para 2026. O que mudou?"},"content":{"rendered":"<p>\n\tO Alfa Romeo Tonale recebeu ajustes na est\u00e9tica e melhorias t\u00e9cnicas e tecnol\u00f3gicas de forma a ficar ainda mais desportivo. Chega em 2026.\n<\/p>\n<p>A Alfa Romeo acaba de revelar a atualiza\u00e7\u00e3o do Tonale, para tornar este SUV mais competitivo, mas sem colocar de parte o ADN da marca italiana. Por fora, h\u00e1 alguns ajustes nas propor\u00e7\u00f5es e a interpreta\u00e7\u00e3o do Scudetto (grelha dianteira) ganhou um novo visual c\u00f4ncavo tridimensional, mais ao jeito do <a href=\"https:\/\/www.razaoautomovel.com\/noticias\/industria-automovel-europeia-metais-raros-china\/\" target=\"_blank\" rel=\"noreferrer noopener nofollow\">33 Stradale<\/a>.<\/p>\n<p>Na parte da ilumina\u00e7\u00e3o, mant\u00e9m-se o estilo \u201c3+3\u201d nos grupos \u00f3ticos, mas o conjunto foi ajustado para adotar uma presen\u00e7a mais horizontal. As jantes tamb\u00e9m s\u00e3o novas, com op\u00e7\u00f5es que v\u00e3o das 17\u2033 \u00e0s 20\u201d, e o log\u00f3tipo passa a ter um fundo preto e branco, alinhado com a estrat\u00e9gia iniciada no <a href=\"https:\/\/www.razaoautomovel.com\/marca\/alfa-romeo\/junior\" rel=\"nofollow noopener\" target=\"_blank\">Alfa Romeo Junior<\/a>.<\/p>\n<p>O habit\u00e1culo evoluiu de uma forma ainda mais evidente. Surgem novos revestimentos em pele vermelha ou Alcantara bicolor, num contraste entre preto e branco. Os assentos \u201ccannelloni\u201d, com costuras vis\u00edveis, refor\u00e7am a perce\u00e7\u00e3o de qualidade. Na consola central do Tonale, al\u00e9m de um desenho revisto, h\u00e1 agora um seletor rotativo para controlar a caixa de velocidades.<\/p>\n<p>Para o novo Tonale, est\u00e1 dispon\u00edvel um sistema de som Harman Kardon de 470 W e 14 altifalantes, capaz de melhorar significativamente o ambiente a bordo.<\/p>\n<p>A atualiza\u00e7\u00e3o do Alfa Romeo Tonale mant\u00e9m os dois ecr\u00e3s digitais: um para a instrumenta\u00e7\u00e3o, com 12,3\u201d, e outro para o infoentretenimento, de 10,25\u201d. A conectividade sem fios com Apple CarPlay e Android Auto, bem como as atualiza\u00e7\u00f5es remotas (OTA), fazem parte do equipamento de s\u00e9rie.<\/p>\n<p>Din\u00e2mica mais apurada<\/p>\n<p>O Alfa Romeo Tonale 2026 viu o chassis ser revisto para maior estabilidade e rapidez de resposta. A dire\u00e7\u00e3o continua a ser a mais direta do segmento (13,6:1) e os trav\u00f5es Brembo de quatro pist\u00f5es integram o equipamento de s\u00e9rie.<\/p>\n<p>As suspens\u00f5es podem ser equipadas com amortecedores eletr\u00f3nicos Dual Stage Valve (DSV) ou Frequency Selective Damping (FSD), garantindo um compromisso otimizado entre conforto e dinamismo. As vers\u00f5es h\u00edbridas plug-in contam com tra\u00e7\u00e3o integral Q4 e travagem by-wire, semelhante \u00e0 dos Giulia e Stelvio.<\/p>\n<p>H\u00e1 mais um h\u00edbrido plug-in<\/p>\n<p>No campo mec\u00e2nico, todas as motoriza\u00e7\u00f5es do Alfa Romeo Tonale cumprem agora a norma Euro 6E-bis. A gama inclui o sistema mild-hybrid, com motor de 1,5 litros e 175 cv (+15 cv que antes), tra\u00e7\u00e3o dianteira e caixa autom\u00e1tica de dupla embraiagem de sete rela\u00e7\u00f5es.<\/p>\n<p>Para quem privilegia a economia, o motor Diesel (1,6 litros) de 130 cv mant\u00e9m-se dispon\u00edvel. No topo da oferta, o sistema Plug-in Hybrid Q4, passa a estar dispon\u00edvel em dois patamares de pot\u00eancia m\u00e1xima combinada: 190 cv e 270 cv (-10 cv que antes). A transmiss\u00e3o \u00e9 sempre \u00e0s quatro rodas e feita atrav\u00e9s de uma caixa autom\u00e1tica de seis rela\u00e7\u00f5es. Fica por saber se houve ou n\u00e3o melhorias ao n\u00edvel da autonomia em modo el\u00e9trico.<\/p>\n<p>Tonale. Gama e datas de chegada<\/p>\n<p>Em termos de cores, o Alfa Romeo Tonale passa a disponibilizar oito tons, incluindo tr\u00eas novas cores metalizadas: Rosso Brera, Verde Monza e Giallo Ocra. Quando pintado de preto (em op\u00e7\u00e3o), o tejadilho cria um contraste de cores ainda mais marcante.<\/p>\n<p>O novo Tonale conta com quatro vers\u00f5es \u2014 Tonale, Sprint, Ti e Veloce \u2014 e a marca promete um n\u00edvel de equipamento generoso em todas. <\/p>\n<p>A edi\u00e7\u00e3o de lan\u00e7amento Sport Speciale ocupa o topo da oferta, distinguindo-se por detalhes exclusivos. Entre eles est\u00e3o os assentos em Alcantara preto e branco, costuras brancas contrastantes e pin\u00e7as de trav\u00e3o Brembo em preto brilhante.<\/p>\n<p>Apresentado oficialmente em Pisa \u2014 cidade s\u00edmbolo de arte e tecnologia \u2014, a chegada \u00e0s estradas europeias est\u00e1 prevista para o primeiro semestre de 2026, com pre\u00e7os alinhados com os da gama atual.<\/p>\n<p>\t\t\tSabe esta resposta?<br \/>\n\t\t\tQuantos Alfa Romeo TZ3 Stradale criou a Zagato?<\/p>\n","protected":false},"excerpt":{"rendered":"O Alfa Romeo Tonale recebeu ajustes na est\u00e9tica e melhorias t\u00e9cnicas e tecnol\u00f3gicas de forma a ficar ainda&hellip;\n","protected":false},"author":2,"featured_media":113298,"comment_status":"","ping_status":"","sticky":false,"template":"","format":"standard","meta":{"footnotes":""},"categories":[83],"tags":[7289,26653,425,88,89,90,429,32,33,959],"class_list":{"0":"post-113297","1":"post","2":"type-post","3":"status-publish","4":"format-standard","5":"has-post-thumbnail","7":"category-empresas","8":"tag-alfa-romeo","9":"tag-alfa-romeo-tonale","10":"tag-apresentacao","11":"tag-business","12":"tag-economy","13":"tag-empresas","14":"tag-hibridos-plug-in","15":"tag-portugal","16":"tag-pt","17":"tag-suv"},"share_on_mastodon":{"url":"","error":""},"_links":{"self":[{"href":"https:\/\/www.europesays.com\/pt\/wp-json\/wp\/v2\/posts\/113297","targetHints":{"allow":["GET"]}}],"collection":[{"href":"https:\/\/www.europesays.com\/pt\/wp-json\/wp\/v2\/posts"}],"about":[{"href":"https:\/\/www.europesays.com\/pt\/wp-json\/wp\/v2\/types\/post"}],"author":[{"embeddable":true,"href":"https:\/\/www.europesays.com\/pt\/wp-json\/wp\/v2\/users\/2"}],"replies":[{"embeddable":true,"href":"https:\/\/www.europesays.com\/pt\/wp-json\/wp\/v2\/comments?post=113297"}],"version-history":[{"count":0,"href":"https:\/\/www.europesays.com\/pt\/wp-json\/wp\/v2\/posts\/113297\/revisions"}],"wp:featuredmedia":[{"embeddable":true,"href":"https:\/\/www.europesays.com\/pt\/wp-json\/wp\/v2\/media\/113298"}],"wp:attachment":[{"href":"https:\/\/www.europesays.com\/pt\/wp-json\/wp\/v2\/media?parent=113297"}],"wp:term":[{"taxonomy":"category","embeddable":true,"href":"https:\/\/www.europesays.com\/pt\/wp-json\/wp\/v2\/categories?post=113297"},{"taxonomy":"post_tag","embeddable":true,"href":"https:\/\/www.europesays.com\/pt\/wp-json\/wp\/v2\/tags?post=113297"}],"curies":[{"name":"wp","href":"https:\/\/api.w.org\/{rel}","templated":true}]}}