{"id":113314,"date":"2025-10-16T15:06:14","date_gmt":"2025-10-16T15:06:14","guid":{"rendered":"https:\/\/www.europesays.com\/pt\/113314\/"},"modified":"2025-10-16T15:06:14","modified_gmt":"2025-10-16T15:06:14","slug":"o-espetacular-homem-aranha-3-andrew-garfield-comenta-rumores-sobre-novo-longa-da-franquia","status":"publish","type":"post","link":"https:\/\/www.europesays.com\/pt\/113314\/","title":{"rendered":"&#8216;O Espetacular Homem-Aranha 3&#8217;: Andrew Garfield comenta rumores sobre novo longa da franquia"},"content":{"rendered":"<p><strong>Andrew Garfield<\/strong>, que interpretou <a href=\"https:\/\/cinepop.com.br\/tag\/peter-parker\/\" title=\"Peter Parker\" rel=\"nofollow noopener\" target=\"_blank\">Peter Parker<\/a> na franquia <strong>\u2018O Espetacular <a href=\"https:\/\/cinepop.com.br\/tag\/homem-aranha\/\" title=\"Homem-Aranha\" rel=\"nofollow noopener\" target=\"_blank\">Homem-Aranha<\/a>\u2019<\/strong>, falou recentemente sobre os persistentes rumores de que poderia reprisar seu papel e estrelar um terceiro filme solo.<\/p>\n<p>Em entrevista ao <a href=\"https:\/\/comicbook.com\/movies\/news\/andrew-garfield-gives-update-on-whether-the-amazing-spider-man-3-will-ever-happen\/\" rel=\"nofollow noopener\" target=\"_blank\">ComicBook<\/a>, o ator foi questionado sobre a possibilidade de um retorno para<strong> \u2018O Espetacular <a href=\"https:\/\/cinepop.com.br\/tag\/homem-aranha\/\" title=\"Homem-Aranha\" rel=\"nofollow noopener\" target=\"_blank\">Homem-Aranha<\/a> 3\u2019<\/strong> e foi categ\u00f3rico, pondo fim \u00e0s especula\u00e7\u00f5es dos f\u00e3s:<\/p>\n<p>\u201cIsso n\u00e3o vai acontecer, e eu n\u00e3o acredito que v\u00e1 acontecer algum dia, mas \u00e9 doce da parte de voc\u00eas quererem que aconte\u00e7a\u201d, disse <strong>Garfield<\/strong>.<\/p>\n<p>A \u00faltima apari\u00e7\u00e3o de <strong>Andrew Garfield<\/strong> como o her\u00f3i foi no sucesso de 2021,<strong> \u2018<a href=\"https:\/\/cinepop.com.br\/tag\/homem-aranha\/\" title=\"Homem-Aranha\" rel=\"nofollow noopener\" target=\"_blank\">Homem-Aranha<\/a>: Sem Volta para Casa\u2019<\/strong>, longa que reuniu as tr\u00eas encarna\u00e7\u00f5es live-action do Amigo da Vizinhan\u00e7a nos cinemas.<\/p>\n","protected":false},"excerpt":{"rendered":"Andrew Garfield, que interpretou Peter Parker na franquia \u2018O Espetacular Homem-Aranha\u2019, falou recentemente sobre os persistentes rumores de&hellip;\n","protected":false},"author":2,"featured_media":113315,"comment_status":"","ping_status":"","sticky":false,"template":"","format":"standard","meta":{"footnotes":""},"categories":[140],"tags":[12127,12128,12129,12130,114,115,12132,147,148,12133,12134,12135,5814,12136,12137,12138,792,12139,146,12140,12141,12142,12143,32,33,12144,12145,12146,3011,12147,12148,12149,12150,12151,6705,12152,12153],"class_list":{"0":"post-113314","1":"post","2":"type-post","3":"status-publish","4":"format-standard","5":"has-post-thumbnail","7":"category-filmes","8":"tag-across-the-spider-verse","9":"tag-andy-samberg","10":"tag-aranha-escarlate","11":"tag-atraves-do-aranhaverso","12":"tag-entertainment","13":"tag-entretenimento","14":"tag-ere-santos","15":"tag-film","16":"tag-filmes","17":"tag-gerry-conway","18":"tag-gwen-stacy","19":"tag-gwen-aranha","20":"tag-homem-aranha","21":"tag-homem-aranha-2099","22":"tag-homem-aranha-no-aranhaverso","23":"tag-jorma-taccome","24":"tag-marvel","25":"tag-miles-morales","26":"tag-movies","27":"tag-mulher-aranha","28":"tag-os-incriveis-2","29":"tag-peter-david","30":"tag-peter-parker","31":"tag-portugal","32":"tag-pt","33":"tag-rick-leonardi","34":"tag-ross-andru","35":"tag-shameik-moore","36":"tag-sony","37":"tag-spider-gwen","38":"tag-spider-man-2099","39":"tag-spider-punk","40":"tag-super-mario-bros","41":"tag-tobey-maguire","42":"tag-tom-holland","43":"tag-toy-story-4","44":"tag-yuri-lowenthal"},"share_on_mastodon":{"url":"","error":""},"_links":{"self":[{"href":"https:\/\/www.europesays.com\/pt\/wp-json\/wp\/v2\/posts\/113314","targetHints":{"allow":["GET"]}}],"collection":[{"href":"https:\/\/www.europesays.com\/pt\/wp-json\/wp\/v2\/posts"}],"about":[{"href":"https:\/\/www.europesays.com\/pt\/wp-json\/wp\/v2\/types\/post"}],"author":[{"embeddable":true,"href":"https:\/\/www.europesays.com\/pt\/wp-json\/wp\/v2\/users\/2"}],"replies":[{"embeddable":true,"href":"https:\/\/www.europesays.com\/pt\/wp-json\/wp\/v2\/comments?post=113314"}],"version-history":[{"count":0,"href":"https:\/\/www.europesays.com\/pt\/wp-json\/wp\/v2\/posts\/113314\/revisions"}],"wp:featuredmedia":[{"embeddable":true,"href":"https:\/\/www.europesays.com\/pt\/wp-json\/wp\/v2\/media\/113315"}],"wp:attachment":[{"href":"https:\/\/www.europesays.com\/pt\/wp-json\/wp\/v2\/media?parent=113314"}],"wp:term":[{"taxonomy":"category","embeddable":true,"href":"https:\/\/www.europesays.com\/pt\/wp-json\/wp\/v2\/categories?post=113314"},{"taxonomy":"post_tag","embeddable":true,"href":"https:\/\/www.europesays.com\/pt\/wp-json\/wp\/v2\/tags?post=113314"}],"curies":[{"name":"wp","href":"https:\/\/api.w.org\/{rel}","templated":true}]}}