{"id":113332,"date":"2025-10-16T15:17:18","date_gmt":"2025-10-16T15:17:18","guid":{"rendered":"https:\/\/www.europesays.com\/pt\/113332\/"},"modified":"2025-10-16T15:17:18","modified_gmt":"2025-10-16T15:17:18","slug":"arvore-marca-transicao-entre-area-social-e-intima-nesta-casa-no-mato","status":"publish","type":"post","link":"https:\/\/www.europesays.com\/pt\/113332\/","title":{"rendered":"\u00c1rvore marca transi\u00e7\u00e3o entre \u00e1rea social e \u00edntima nesta casa no mato"},"content":{"rendered":"<p>Este terreno de<strong> 1.800 m\u00b2<\/strong> cercado por vegeta\u00e7\u00e3o exuberante, com uma imensa pedra natural de um lado e um riacho que cortava todo o lote nos fundos, encantou uma fam\u00edlia que decidiu erguer ali sua nova morada.<\/p>\n<p>    <img loading=\"lazy\" decoding=\"async\" alt=\"\u00c1rvore marca transi\u00e7\u00e3o entre \u00e1rea social e \u00edntima nesta casa no mato. Projeto de Thimi Arquitetura.\" class=\"alignnone size-large wp-image-512955\" src=\"https:\/\/www.europesays.com\/pt\/wp-content\/uploads\/2025\/10\/arvore-marca-transicao-entre-area-social-e-intima-nesta-casa-no-mato-thimi-arquitetura-21.jpg\" border=\"0\" title=\"\" width=\"1024\" height=\"683\" data-restrict=\"false\" data-portal-copyright=\"Ricardo Roger\" data-image-caption=\"\" data-image-title=\"\" data-image-source=\"Divulga\u00e7\u00e3o\"\/><br \/>\n     \u2013 (Ricardo Roger\/Divulga\u00e7\u00e3o)<\/p>\n<p>Para a constru\u00e7\u00e3o, os arquitetos Thiago Morsch e Michele Wilkinson, da <a href=\"https:\/\/www.instagram.com\/thimiarquitetura\/\" target=\"_blank\" rel=\"noopener nofollow\">Thimi Arquitetura<\/a>, tiraram partido da leve declividade do terreno e projetaram uma <strong>casa t\u00e9rrea e compacta<\/strong>, mas com espa\u00e7os generosos para receber amigos e aproveitar os momentos em fam\u00edlia, como o casal de propriet\u00e1rios desejava.<\/p>\n<p>    <img loading=\"lazy\" decoding=\"async\" alt=\"\u00c1rvore marca transi\u00e7\u00e3o entre \u00e1rea social e \u00edntima nesta casa no mato. Projeto de Thimi Arquitetura.\" class=\"alignnone size-large wp-image-512941\" src=\"https:\/\/www.europesays.com\/pt\/wp-content\/uploads\/2025\/10\/arvore-marca-transicao-entre-area-social-e-intima-nesta-casa-no-mato-thimi-arquitetura-07.jpg\" border=\"0\" title=\"arvore-marca-transicao-entre-area-social-e-intima-nesta-casa-no-mato-thimi-arquitetura-07\" width=\"1024\" height=\"683\" data-restrict=\"false\" data-portal-copyright=\"Ricardo Roger\" data-image-caption=\"\" data-image-title=\"\" data-image-source=\"Divulga\u00e7\u00e3o\"\/><br \/>\n     \u2013 (Ricardo Roger\/Divulga\u00e7\u00e3o)<\/p>\n<p>\u201cEles viviam em um apartamento pequeno, mas queriam construir sua primeira casa do zero e sonhavam com um lar <strong>funcional, contempor\u00e2neo e cercado de verde<\/strong>, um verdadeiro respiro dentro da cidade\u201d conta Thiago.<\/p>\n<p>    <img loading=\"lazy\" decoding=\"async\" alt=\"\u00c1rvore marca transi\u00e7\u00e3o entre \u00e1rea social e \u00edntima nesta casa no mato. Projeto de Thimi Arquitetura.\" class=\"size-large wp-image-512943\" src=\"https:\/\/www.europesays.com\/pt\/wp-content\/uploads\/2025\/10\/arvore-marca-transicao-entre-area-social-e-intima-nesta-casa-no-mato-thimi-arquitetura-09-sala-pedra.jpeg\" border=\"0\" title=\"\" width=\"1024\" height=\"683\" data-restrict=\"false\" data-portal-copyright=\"Ricardo Roger\" data-image-caption=\"Fotografia de Eventos\" data-image-title=\"\" data-image-source=\"Divulga\u00e7\u00e3o\"\/><br \/>\n     Fotografia de Eventos (Ricardo Roger\/Divulga\u00e7\u00e3o)<\/p>\n<p>    Continua ap\u00f3s a publicidade<\/p>\n<p>A inspira\u00e7\u00e3o veio de outro projeto da dupla: uma casa constru\u00edda na CASACOR Rio 2021, marcada pelo uso de <strong>materiais naturais, texturas org\u00e2nicas e uma rela\u00e7\u00e3o fluida entre interior e exterior<\/strong>. Caracter\u00edsticas que foram mantidas nesta casa erguida em estrutura met\u00e1lica leve, com grandes panos de vidro que se abrem para o verde e uma \u00e1rea social que parece flutuar sobre o terreno.<\/p>\n<p>\u201cA partir dessa ideia da arquitetura fluida, que dilui os limites entre dentro e fora, criamos uma planta vers\u00e1til e acolhedora, pensada para acompanhar os ciclos da vida familiar\u201d explica Michele.<\/p>\n<p>    <img loading=\"lazy\" decoding=\"async\" alt=\"\u00c1rvore marca transi\u00e7\u00e3o entre \u00e1rea social e \u00edntima nesta casa no mato. Projeto de Thimi Arquitetura.\" class=\"alignnone size-large wp-image-512935\" src=\"https:\/\/www.europesays.com\/pt\/wp-content\/uploads\/2025\/10\/arvore-marca-transicao-entre-area-social-e-intima-nesta-casa-no-mato-thimi-arquitetura-01-cozinha.jp.jpeg\" border=\"0\" title=\"\" width=\"1024\" height=\"683\" data-restrict=\"false\" data-portal-copyright=\"Ricardo Roger\" data-image-caption=\"\" data-image-title=\"\" data-image-source=\"Divulga\u00e7\u00e3o\"\/><br \/>\n     \u2013 (Ricardo Roger\/Divulga\u00e7\u00e3o)<\/p>\n<p>Desta forma, a \u00e1rea central \u00e9 composta por <strong>sala e cozinha integradas com uma ilha central<\/strong> que funciona como o cora\u00e7\u00e3o da casa. Ali quase n\u00e3o h\u00e1 alvenaria. S\u00e3o apenas duas paredes: a da TV, revestida em pedra Moledo; e uma ao fundo, onde foi instalada a marcenaria da <a href=\"https:\/\/casa.abril.com.br\/tudo-sobre\/cozinhas\" target=\"_blank\" rel=\"noopener nofollow\">cozinha<\/a> \u2013 a mesma usada na CASACOR Rio, readaptada aqui pela Florense Niter\u00f3i.<\/p>\n<p>    Continua ap\u00f3s a publicidade<\/p>\n<p>    <img loading=\"lazy\" decoding=\"async\" alt=\"\u00c1rvore marca transi\u00e7\u00e3o entre \u00e1rea social e \u00edntima nesta casa no mato. Projeto de Thimi Arquitetura.\" class=\"alignnone size-large wp-image-512940\" src=\"https:\/\/www.europesays.com\/pt\/wp-content\/uploads\/2025\/10\/arvore-marca-transicao-entre-area-social-e-intima-nesta-casa-no-mato-thimi-arquitetura-06.jpg\" border=\"0\" title=\"\" width=\"1024\" height=\"683\" data-restrict=\"false\" data-portal-copyright=\"Ricardo Roger\" data-image-caption=\"\" data-image-title=\"\" data-image-source=\"Divulga\u00e7\u00e3o\"\/><br \/>\n     \u2013 (Ricardo Roger\/Divulga\u00e7\u00e3o)<\/p>\n<p>A <a href=\"https:\/\/casa.abril.com.br\/tudo-sobre\/varanda\" rel=\"nofollow noopener\" target=\"_blank\">varanda<\/a> segue no mesmo piso, o que d\u00e1 a sensa\u00e7\u00e3o de continuidade ampliando ainda mais o espa\u00e7o, que tem as <strong>duas fachadas revestidas em vidro<\/strong>, com portas de correr do tipo piso-teto em<a href=\"https:\/\/casa.abril.com.br\/decoracao\/projetos-modernos-que-usam-a-serralheria-de-forma-criativa\/\" target=\"_blank\" rel=\"noopener nofollow\"> serralheria<\/a>, trazendo a natureza para dentro da constru\u00e7\u00e3o.<\/p>\n<p>    <img loading=\"lazy\" decoding=\"async\" alt=\"\u00c1rvore marca transi\u00e7\u00e3o entre \u00e1rea social e \u00edntima nesta casa no mato. Projeto de Thimi Arquitetura.\" class=\"alignnone size-large wp-image-512944\" src=\"https:\/\/www.europesays.com\/pt\/wp-content\/uploads\/2025\/10\/arvore-marca-transicao-entre-area-social-e-intima-nesta-casa-no-mato-thimi-arquitetura-10-sala.jpg\" border=\"0\" title=\"\" width=\"1024\" height=\"683\" data-restrict=\"false\" data-portal-copyright=\"Ricardo Roger\" data-image-caption=\"\" data-image-title=\"\" data-image-source=\"Divulga\u00e7\u00e3o\"\/><br \/>\n     \u2013 (Ricardo Roger\/Divulga\u00e7\u00e3o)<\/p>\n<p>A transi\u00e7\u00e3o entre os volumes social e \u00edntimo \u00e9 feita por uma<strong> \u00e1rvore<\/strong> que j\u00e1 estava no terreno e foi preservada. Esse cuidado com o entorno e a natureza \u00e9 constante em todo o projeto. A varanda posterior, por exemplo, <strong>se conecta diretamente com um pared\u00e3o verde e a imensa rocha<\/strong>, integrando o interior com a paisagem de forma quase po\u00e9tica.<\/p>\n<p>    Continua ap\u00f3s a publicidade<\/p>\n<p>    <img loading=\"lazy\" decoding=\"async\" alt=\"\u00c1rvore marca transi\u00e7\u00e3o entre \u00e1rea social e \u00edntima nesta casa no mato. Projeto de Thimi Arquitetura.\" class=\"alignnone size-large wp-image-512950\" src=\"https:\/\/www.europesays.com\/pt\/wp-content\/uploads\/2025\/10\/arvore-marca-transicao-entre-area-social-e-intima-nesta-casa-no-mato-thimi-arquitetura-16-infantil.j.jpeg\" border=\"0\" title=\"\" width=\"683\" height=\"1024\" data-restrict=\"false\" data-portal-copyright=\"Ricardo Roger\" data-image-caption=\"\" data-image-title=\"\" data-image-source=\"Divulga\u00e7\u00e3o\"\/><br \/>\n     \u2013 (Ricardo Roger\/Divulga\u00e7\u00e3o)<\/p>\n<p>A su\u00edte do casal \u00e9 o \u00faltimo c\u00f4modo da casa e tem vista para o riacho e uma varanda totalmente revestida em madeira. J\u00e1 os filhos ganharam uma<a href=\"https:\/\/casa.abril.com.br\/ambientes\/duas-suites-com-so-um-banheiro-confira-fois-projetos-com-banheiros-canadenses\/\" target=\"_blank\" rel=\"noopener nofollow\"> su\u00edte canadense<\/a> com um <a href=\"https:\/\/casa.abril.com.br\/tudo-sobre\/banheiros\/\" rel=\"nofollow noopener\" target=\"_blank\">banheiro<\/a> que \u00e9 usado tamb\u00e9m como social.<\/p>\n<p>    <img loading=\"lazy\" decoding=\"async\" alt=\"\u00c1rvore marca transi\u00e7\u00e3o entre \u00e1rea social e \u00edntima nesta casa no mato. Projeto de Thimi Arquitetura.\" class=\"alignnone size-large wp-image-512951\" src=\"https:\/\/www.europesays.com\/pt\/wp-content\/uploads\/2025\/10\/arvore-marca-transicao-entre-area-social-e-intima-nesta-casa-no-mato-thimi-arquitetura-17-varanda.jp.jpeg\" border=\"0\" title=\"\" width=\"683\" height=\"1024\" data-restrict=\"false\" data-portal-copyright=\"Ricardo Roger\" data-image-caption=\"\" data-image-title=\"\" data-image-source=\"Divulga\u00e7\u00e3o\"\/><br \/>\n     \u2013 (Ricardo Roger\/Divulga\u00e7\u00e3o)<\/p>\n<p>\u201cA natureza \u00e9 o eixo do projeto, seu ponto central. Por isso, usamos elementos naturais como pedra, madeira e <a href=\"https:\/\/casa.abril.com.br\/arquitetura-e-construcao\/casa-na-mata-tem-paisagismo-composto-por-mosaico-de-plantas-nativas\/\" rel=\"nofollow noopener\" target=\"_blank\">um paisagismo exuberante como protagonistas<\/a> tanto do ponto de vista est\u00e9tico como da experi\u00eancia de quem vive ali \u201d diz Thiago.<\/p>\n<p>    Continua ap\u00f3s a publicidade<\/p>\n<p>    <img loading=\"lazy\" decoding=\"async\" alt=\"\u00c1rvore marca transi\u00e7\u00e3o entre \u00e1rea social e \u00edntima nesta casa no mato. Projeto de Thimi Arquitetura.\" class=\"size-large wp-image-512954\" src=\"https:\/\/www.europesays.com\/pt\/wp-content\/uploads\/2025\/10\/arvore-marca-transicao-entre-area-social-e-intima-nesta-casa-no-mato-thimi-arquitetura-20-quarto.jpg\" border=\"0\" title=\"\" width=\"1024\" height=\"683\" data-restrict=\"false\" data-portal-copyright=\"Ricardo Roger\" data-image-caption=\"Fotografia de Eventos\" data-image-title=\"\" data-image-source=\"Divulga\u00e7\u00e3o\"\/><br \/>\n     Fotografia de Eventos (Ricardo Roger\/Divulga\u00e7\u00e3o)<\/p>\n<p>Newsletter<\/p>\n<p>\n                            Dicas, inspira\u00e7\u00f5es e not\u00edcias sobre decora\u00e7\u00e3o, arquitetura, jardinagem e organiza\u00e7\u00e3o para sua casa. Quem mora, precisa!<br \/>\n                                <strong><br \/>\n                                    Inscreva-se aqui<br \/>\n                                <\/strong>para receber a nossa newsletter<\/p>\n<p>                            Cadastro efetuado com sucesso!<\/p>\n<p>Voc\u00ea receber\u00e1 nossa newsletter em breve.<\/p>\n<p>\t\t\t\t\t\t\t\t\t\t\t\t\t\t\t\t\t\t\t\t\t\t\t\t\t\t\t\t\t\t\t\t\t\t\t\t\t\t\t\t\t\t\t\t\t\t\t\t\t\t\t\t\t\t\t\t\t\t\t\t\t\t\t\t\t\t\t\t\t\t\t\t\t\t\t\t\t\t\t\t\t\t\t\t\t\t\t\t\t\t\t\t\t\t\t\t\t\t\t\t\t\t\t\t\t\t\t\t\t\t\t\t\t\t\t\t\t\t\t\t\t\t\t\t\t\t\t\t\t\t\t\t\t\t\t\t\t\t\t\t\t\t\t\t\t\t\t\t\t\t\t\t\t\t\t\t\t\t\t\t\t\t\t\t\t\t\t\t\t\t\t\t\t\t\t\t\t\t\t\t\t\t\t\t\t\t\t\t\t\t\t\t\t\t\t\t\t\t\t\t\t\t\t<script async src=\"\/\/www.instagram.com\/embed.js\"><\/script><\/p>\n","protected":false},"excerpt":{"rendered":"Este terreno de 1.800 m\u00b2 cercado por vegeta\u00e7\u00e3o exuberante, com uma imensa pedra natural de um lado e&hellip;\n","protected":false},"author":2,"featured_media":113333,"comment_status":"","ping_status":"","sticky":false,"template":"","format":"standard","meta":{"footnotes":""},"categories":[144],"tags":[207,205,206,203,201,202,204,114,115,32,33],"class_list":{"0":"post-113332","1":"post","2":"type-post","3":"status-publish","4":"format-standard","5":"has-post-thumbnail","7":"category-arte-e-design","8":"tag-arte","9":"tag-arte-e-design","10":"tag-artedesign","11":"tag-arts","12":"tag-arts-and-design","13":"tag-artsanddesign","14":"tag-design","15":"tag-entertainment","16":"tag-entretenimento","17":"tag-portugal","18":"tag-pt"},"share_on_mastodon":{"url":"","error":""},"_links":{"self":[{"href":"https:\/\/www.europesays.com\/pt\/wp-json\/wp\/v2\/posts\/113332","targetHints":{"allow":["GET"]}}],"collection":[{"href":"https:\/\/www.europesays.com\/pt\/wp-json\/wp\/v2\/posts"}],"about":[{"href":"https:\/\/www.europesays.com\/pt\/wp-json\/wp\/v2\/types\/post"}],"author":[{"embeddable":true,"href":"https:\/\/www.europesays.com\/pt\/wp-json\/wp\/v2\/users\/2"}],"replies":[{"embeddable":true,"href":"https:\/\/www.europesays.com\/pt\/wp-json\/wp\/v2\/comments?post=113332"}],"version-history":[{"count":0,"href":"https:\/\/www.europesays.com\/pt\/wp-json\/wp\/v2\/posts\/113332\/revisions"}],"wp:featuredmedia":[{"embeddable":true,"href":"https:\/\/www.europesays.com\/pt\/wp-json\/wp\/v2\/media\/113333"}],"wp:attachment":[{"href":"https:\/\/www.europesays.com\/pt\/wp-json\/wp\/v2\/media?parent=113332"}],"wp:term":[{"taxonomy":"category","embeddable":true,"href":"https:\/\/www.europesays.com\/pt\/wp-json\/wp\/v2\/categories?post=113332"},{"taxonomy":"post_tag","embeddable":true,"href":"https:\/\/www.europesays.com\/pt\/wp-json\/wp\/v2\/tags?post=113332"}],"curies":[{"name":"wp","href":"https:\/\/api.w.org\/{rel}","templated":true}]}}