{"id":113356,"date":"2025-10-16T15:32:17","date_gmt":"2025-10-16T15:32:17","guid":{"rendered":"https:\/\/www.europesays.com\/pt\/113356\/"},"modified":"2025-10-16T15:32:17","modified_gmt":"2025-10-16T15:32:17","slug":"novos-lancamentos-no-clube-de-leitura-sapo","status":"publish","type":"post","link":"https:\/\/www.europesays.com\/pt\/113356\/","title":{"rendered":"novos lan\u00e7amentos no clube de leitura SAPO"},"content":{"rendered":"<p dir=\"ltr\">Esta semana divulgamos apenas lan\u00e7amentos recentes, cujos regressos dos autores foram, em muitos casos, amplamente esperados. Conhe\u00e7a os cinco novos t\u00edtulos que lhe propomos. J\u00e1 sabe, diga-nos os livros ou autores que gostaria de ver no nosso Clube de Leitura. As suas sugest\u00f5es s\u00e3o sempre bem-vindas. Boas Leituras!<\/p>\n<p dir=\"ltr\">\u00a0<\/p>\n<p dir=\"ltr\"><strong>\u201cMUNDO, P\u00c1RA QUIETO\u201d<\/strong>, de Ricardo Ara\u00fajo Pereira, lan\u00e7ado em outubro de 2025, pela Tinta da China<\/p>\n<p dir=\"ltr\">Cr\u00f3nicas in\u00e9ditas em Portugal, selecionadas entre todas as que o humorista escreveu entre 2020 e 2025 para o jornal Folha de S. Paulo.<\/p>\n<p dir=\"ltr\">Excerto:<\/p>\n<p dir=\"ltr\">\u00abO Papa n\u00e3o s\u00f3 n\u00e3o queria repreender-nos como leu um discurso em que dizia que era poss\u00edvel rir de tudo, at\u00e9 de Deus. Olhei para a Guarda Su\u00ed\u00e7a. Os guardas nem se mexeram. Nenhuma vontade de castigar aquela heresia. Ao que tudo indicava, n\u00e3o era uma heresia. Olhei para cima. Nos tetos ricamente pintados vi o C\u00e9u. Uma pessoa que eu conhe\u00e7o est\u00e1 l\u00e1. Teria ela ouvido o Papa a dizer que \u00e9 l\u00edcito rir de tudo? \u00c9 que eu levei algumas chineladas no rabo por ela ter a opini\u00e3o contr\u00e1ria. Receio que esteja arrependida. N\u00e3o precisa. Tudo est\u00e1 perdoado. Sempre esteve.\u00bb<\/p>\n<p><strong>\u00a0<\/strong><\/p>\n<p dir=\"ltr\"><strong>\u201cO SEXTO SENTIDO\u201d<\/strong>, de Jos\u00e9 Rodrigues dos Santos, editado em outubro de 2025, com chancela Planeta<\/p>\n<p dir=\"ltr\">\u00abUm homem cai do d\u00e9cimo andar de um hotel em Lisboa. A pol\u00edcia identifica-o: Kurt Weilmann.<\/p>\n<p dir=\"ltr\">Nos momentos finais de vida, balbucia palavras misteriosas: \u00abUNIO MYSTICA&#8230; MISTERIUM TREMENDUM\u00bb.<\/p>\n<p dir=\"ltr\">Acidente, suic\u00eddio ou homic\u00eddio? A Judici\u00e1ria encontra no quarto de Weilmann uma derradeira mensagem com um nome: Tom\u00e1s Noronha.<\/p>\n<p dir=\"ltr\">O historiador \u00e9 convocado para esclarecer o seu envolvimento naquela morte. Durante o inqu\u00e9rito, a CIA avisa Tom\u00e1s: a sua vida corre perigo. Quem atirou Weilmann do d\u00e9cimo andar tamb\u00e9m o quer matar. Para se salvar, ter\u00e1 de desvendar o mist\u00e9rio daquela morte.<\/p>\n<p dir=\"ltr\">Assim come\u00e7a uma busca que ir\u00e1 conduzir Tom\u00e1s Noronha aos segredos que envolvem uma classe de subst\u00e2ncias terap\u00eauticas com propriedades milagrosas. Chamam-lhes ente\u00f3genos, express\u00e3o grega para\u2026 O DIVINO DENTRO DE N\u00d3S.<\/p>\n<p dir=\"ltr\">Baseado em descobertas cient\u00edficas que est\u00e3o a ser estudadas pelas maiores institui\u00e7\u00f5es do mundo, desde Harvard at\u00e9 ao Centro Champalimaud, O Sexto Sentido mostra-nos o que os ente\u00f3genos come\u00e7aram a revelar sobre os maiores enigmas do Universo \u2014 incluindo o mist\u00e9rio da morte e o sentido da vida.\u00bb<\/p>\n<p dir=\"ltr\">\u00a0<\/p>\n<p dir=\"ltr\"><strong>\u201cA MONTANHA\u201d<\/strong>, de Jos\u00e9 Lu\u00eds Peixoto, editado em outubro de 2025, com selo Quetzal<\/p>\n<p dir=\"ltr\">\u00abEste \u00e9 um romance habitado por homens e mulheres de v\u00e1rias idades, com origem em diversos contextos, de Mo\u00e7ambique \u00e0 Venezuela, de Ponte de Lima a Oliveira de Azem\u00e9is, que t\u00eam em comum a sua condi\u00e7\u00e3o de pacientes no Instituto Portugu\u00eas de Oncologia do Porto. Um escritor viaja pelo mundo e, nesse turbilh\u00e3o, tenta construir um romance com todas as hist\u00f3rias que lhe foram confiadas, at\u00e9 que o impens\u00e1vel acontece.<\/p>\n<p dir=\"ltr\">Do hiper-realismo, documental e autobiogr\u00e1fico, ao surrealismo, \u00e0 alucina\u00e7\u00e3o e ao del\u00edrio, A Montanha \u00e9 um romance de enorme ambi\u00e7\u00e3o, que resgata momentos de profunda empatia e ternura, que revela o ser humano tanto na sua fragilidade como na sua m\u00e1xima for\u00e7a.<\/p>\n<p dir=\"ltr\">Surpreendente nas m\u00faltiplas dimens\u00f5es que prop\u00f5e, este romance \u00e9 um extraordin\u00e1rio tour de force liter\u00e1rio, um marco muito alto na obra de um dos mais importantes escritores portugueses contempor\u00e2neos e, sem d\u00favida, uma refer\u00eancia inesquec\u00edvel na bagagem de qualquer leitor.\u00bb<strong><br \/><\/strong><\/p>\n<p dir=\"ltr\">\u00a0<\/p>\n<p dir=\"ltr\"><strong>\u201cO DIA EM QUE TE ESQUECI\u201d<\/strong>, de Margarida Rebelo Pinto, numa edi\u00e7\u00e3o da Alma dos Livros, de outubro de 2025<\/p>\n<p dir=\"ltr\">\u00abEm O Dia em que te Esqueci Margarida Rebelo Pinto leva-nos ao cora\u00e7\u00e3o de uma mulher que amou intensamente, sofreu, tentou recome\u00e7ar\u2026 e descobriu que s\u00f3 a coragem de soltar o passado abre espa\u00e7o para a liberdade.<\/p>\n<p dir=\"ltr\">Entre mem\u00f3rias e sil\u00eancios que dizem mais do que palavras, este romance \u00e9 uma carta \u00edntima e arrebatadora que nos mergulha num turbilh\u00e3o de emo\u00e7\u00f5es: a dificuldade de deixar ir, a esperan\u00e7a de recome\u00e7ar e a certeza de que o verdadeiro amor \u00e9 aquele que nos permite ser quem realmente somos\u00bb<\/p>\n<p dir=\"ltr\">Excerto:<\/p>\n<p dir=\"ltr\">\u00abQuando amamos algu\u00e9m, n\u00e3o perdemos s\u00f3 a cabe\u00e7a, perdemos tamb\u00e9m o nosso cora\u00e7\u00e3o. Ele salta para fora do peito e depois, quando volta, j\u00e1 n\u00e3o \u00e9 o mesmo, \u00e9 outro, com cicatrizes novas.<\/p>\n<p dir=\"ltr\">\u00c0s vezes volta maior, se o amor foi feliz, outras, regressa feito numa bola de trapos, \u00e9 preciso reconstru\u00ed-lo com paci\u00eancia, dedica\u00e7\u00e3o e muito amor-pr\u00f3prio. E, outras vezes, n\u00e3o volta. Fica do outro lado da vida, na vida de quem n\u00e3o quis ficar do nosso lado.\u00bb<\/p>\n<p><strong>\u00a0<\/strong><\/p>\n<p dir=\"ltr\"><strong>\u201cA PARTILHA DO LUME\u201d<\/strong>, de A.M. Pires Cabral, editado em outubro de 2025, com chancela Ass\u00edrio &amp; Alvim.<\/p>\n<p dir=\"ltr\">\u00abA.M. Pires Cabral \u00e9 um poeta de um outro s\u00e9culo, um s\u00e9culo de poesia. Voz original e inconfund\u00edvel, a sua obra ganhou maior destaque numa altura em que se ignoravam, pelo menos com esta mestria, versos sobre as vidas das gentes do campo, dos animais e outros bichos que compunham essa paisagem. Neste livro, contudo, o poeta comp\u00f4s \u2014 entre in\u00e9ditos e poemas revistos \u2014 uma homenagem sentida a quem consigo partilhou o lume. Num primeiro grupo dedicado a \u00abPoetas\u00bb, outro a \u00abPintores, etc.\u00bb, o autor endere\u00e7a-se, entre muitos, a Miguel Torga, Pessanha, Cam\u00f5es ou \u00e0 pr\u00f3pria Musa Popular, e ainda a Goya, Picasso, Da Vinci.\u00bb<\/p>\n<p dir=\"ltr\">Excerto:<\/p>\n<p dir=\"ltr\">\u00abLAVOURA<\/p>\n<p dir=\"ltr\">E (como dizias, Ant\u00f3nio)<\/p>\n<p dir=\"ltr\">se redra e cava<\/p>\n<p dir=\"ltr\">e pinga-lhes a testa<\/p>\n<p dir=\"ltr\">e imanes gemitus sciens<\/p>\n<p dir=\"ltr\">e polirei minha prosa<\/p>\n<p dir=\"ltr\">em paz com a lavoura<\/p>\n<p dir=\"ltr\">e com o estro mas<\/p>\n<p dir=\"ltr\">comigo n\u00e3o.\u00bb<\/p>\n<p>\u00a0<\/p>\n","protected":false},"excerpt":{"rendered":"Esta semana divulgamos apenas lan\u00e7amentos recentes, cujos regressos dos autores foram, em muitos casos, amplamente esperados. Conhe\u00e7a os&hellip;\n","protected":false},"author":2,"featured_media":113357,"comment_status":"","ping_status":"","sticky":false,"template":"","format":"standard","meta":{"footnotes":""},"categories":[143],"tags":[169,114,115,170,32,33],"class_list":{"0":"post-113356","1":"post","2":"type-post","3":"status-publish","4":"format-standard","5":"has-post-thumbnail","7":"category-livros","8":"tag-books","9":"tag-entertainment","10":"tag-entretenimento","11":"tag-livros","12":"tag-portugal","13":"tag-pt"},"share_on_mastodon":{"url":"","error":""},"_links":{"self":[{"href":"https:\/\/www.europesays.com\/pt\/wp-json\/wp\/v2\/posts\/113356","targetHints":{"allow":["GET"]}}],"collection":[{"href":"https:\/\/www.europesays.com\/pt\/wp-json\/wp\/v2\/posts"}],"about":[{"href":"https:\/\/www.europesays.com\/pt\/wp-json\/wp\/v2\/types\/post"}],"author":[{"embeddable":true,"href":"https:\/\/www.europesays.com\/pt\/wp-json\/wp\/v2\/users\/2"}],"replies":[{"embeddable":true,"href":"https:\/\/www.europesays.com\/pt\/wp-json\/wp\/v2\/comments?post=113356"}],"version-history":[{"count":0,"href":"https:\/\/www.europesays.com\/pt\/wp-json\/wp\/v2\/posts\/113356\/revisions"}],"wp:featuredmedia":[{"embeddable":true,"href":"https:\/\/www.europesays.com\/pt\/wp-json\/wp\/v2\/media\/113357"}],"wp:attachment":[{"href":"https:\/\/www.europesays.com\/pt\/wp-json\/wp\/v2\/media?parent=113356"}],"wp:term":[{"taxonomy":"category","embeddable":true,"href":"https:\/\/www.europesays.com\/pt\/wp-json\/wp\/v2\/categories?post=113356"},{"taxonomy":"post_tag","embeddable":true,"href":"https:\/\/www.europesays.com\/pt\/wp-json\/wp\/v2\/tags?post=113356"}],"curies":[{"name":"wp","href":"https:\/\/api.w.org\/{rel}","templated":true}]}}