{"id":113361,"date":"2025-10-16T15:36:11","date_gmt":"2025-10-16T15:36:11","guid":{"rendered":"https:\/\/www.europesays.com\/pt\/113361\/"},"modified":"2025-10-16T15:36:11","modified_gmt":"2025-10-16T15:36:11","slug":"onde-ver-o-jogo-da-3a-eliminatoria-da-taca-de-portugal","status":"publish","type":"post","link":"https:\/\/www.europesays.com\/pt\/113361\/","title":{"rendered":"onde ver o jogo da 3\u00aa eliminat\u00f3ria da Ta\u00e7a de Portugal?"},"content":{"rendered":"<p>&#8211; Advertisement &#8211;<\/p>\n<p><strong><strong>O Pa\u00e7os de Ferreira x Sporting ter\u00e1 transmiss\u00e3o televisiva em canal aberto. O duelo da 3.\u00aa eliminat\u00f3ria da Ta\u00e7a de Portugal ser\u00e1 transmitido na RTP 1.<\/strong><\/strong><\/p>\n<p>V\u00e1rios dos jogos da 3.\u00aa eliminat\u00f3ria da Ta\u00e7a de Portugal ter\u00e3o transmiss\u00e3o em sinal aberto ou, em alguns casos, em canais por cabo. O Pa\u00e7os de Ferreira x Sporting, duelo da competi\u00e7\u00e3o, ser\u00e1 transmitido na RTP 1.<\/p>\n<p>O jogo entre os conjuntos da Segunda e da Primeira Liga joga-se este s\u00e1bado, dia 18 de outubro, a partir das 20h30. Al\u00e9m da RTP 1, o encontro pode ser assistido atrav\u00e9s da plataforma RTP Play.<\/p>\n<p>Conhece o<a href=\"https:\/\/bolanarede.pt\/especial-bola-na-rede\/atualidade\/como-e-onde-ver-a-3a-eliminatoria-da-taca-de-portugal-eis-os-horarios-e-todos-os-jogos-com-transmissao-televisiva\/\" target=\"_blank\" rel=\"noreferrer noopener nofollow\">\u00a0calend\u00e1rio das transmiss\u00f5es televisivas da 3.\u00aa eliminat\u00f3ria da Ta\u00e7a de Portugal\u00a0<\/a>na \u00edntegra.<\/p>\n","protected":false},"excerpt":{"rendered":"&#8211; Advertisement &#8211; O Pa\u00e7os de Ferreira x Sporting ter\u00e1 transmiss\u00e3o televisiva em canal aberto. O duelo da&hellip;\n","protected":false},"author":2,"featured_media":27687,"comment_status":"","ping_status":"","sticky":false,"template":"","format":"standard","meta":{"footnotes":""},"categories":[87],"tags":[260,135,26633,32,33,34,134,3142],"class_list":{"0":"post-113361","1":"post","2":"type-post","3":"status-publish","4":"format-standard","5":"has-post-thumbnail","7":"category-desporto","8":"tag-atualidade","9":"tag-desporto","10":"tag-pacos-de-ferreira","11":"tag-portugal","12":"tag-pt","13":"tag-sporting","14":"tag-sports","15":"tag-taca-de-portugal"},"share_on_mastodon":{"url":"","error":""},"_links":{"self":[{"href":"https:\/\/www.europesays.com\/pt\/wp-json\/wp\/v2\/posts\/113361","targetHints":{"allow":["GET"]}}],"collection":[{"href":"https:\/\/www.europesays.com\/pt\/wp-json\/wp\/v2\/posts"}],"about":[{"href":"https:\/\/www.europesays.com\/pt\/wp-json\/wp\/v2\/types\/post"}],"author":[{"embeddable":true,"href":"https:\/\/www.europesays.com\/pt\/wp-json\/wp\/v2\/users\/2"}],"replies":[{"embeddable":true,"href":"https:\/\/www.europesays.com\/pt\/wp-json\/wp\/v2\/comments?post=113361"}],"version-history":[{"count":0,"href":"https:\/\/www.europesays.com\/pt\/wp-json\/wp\/v2\/posts\/113361\/revisions"}],"wp:featuredmedia":[{"embeddable":true,"href":"https:\/\/www.europesays.com\/pt\/wp-json\/wp\/v2\/media\/27687"}],"wp:attachment":[{"href":"https:\/\/www.europesays.com\/pt\/wp-json\/wp\/v2\/media?parent=113361"}],"wp:term":[{"taxonomy":"category","embeddable":true,"href":"https:\/\/www.europesays.com\/pt\/wp-json\/wp\/v2\/categories?post=113361"},{"taxonomy":"post_tag","embeddable":true,"href":"https:\/\/www.europesays.com\/pt\/wp-json\/wp\/v2\/tags?post=113361"}],"curies":[{"name":"wp","href":"https:\/\/api.w.org\/{rel}","templated":true}]}}