{"id":113373,"date":"2025-10-16T15:48:17","date_gmt":"2025-10-16T15:48:17","guid":{"rendered":"https:\/\/www.europesays.com\/pt\/113373\/"},"modified":"2025-10-16T15:48:17","modified_gmt":"2025-10-16T15:48:17","slug":"bts-seventeen-e-mais-produtor-musical-faz-comentarios-controversos-sobre-trabalhos-com-idols-de-k-pop","status":"publish","type":"post","link":"https:\/\/www.europesays.com\/pt\/113373\/","title":{"rendered":"BTS, SEVENTEEN e mais: Produtor musical faz coment\u00e1rios controversos sobre trabalhos com idols de k-pop"},"content":{"rendered":"<p>Ap\u00f3s divulgar v\u00eddeo compartilhando experi\u00eancias na produ\u00e7\u00e3o de m\u00fasicas de artistas da ind\u00fastria do <a href=\"https:\/\/recreio.com.br\/tags\/k-pop\" target=\"_blank\" rel=\"noopener nofollow\">K-pop<\/a>, o produtor musical <strong>Alexander Karlsson\u00a0<\/strong>foi alvo de cr\u00edticas pelos f\u00e3s de determinados grupos. Possuindo projetos com integrantes do BTS, <a href=\"https:\/\/recreio.com.br\/noticias\/entretenimento\/10-anos-de-seventeen-boygroup-ganhara-documentario-comemorativo-no-disney.phtml\" target=\"_blank\" rel=\"noopener nofollow\">SEVENTEEN<\/a>, ATEEZ, entre outros, ele exp\u00f4s como n\u00e3o esperava as colabora\u00e7\u00f5es, e afirmou que as oportunidades sugiram de maneiras inesperadas.<\/p>\n<blockquote>\n<p>\u201cVoc\u00eas continuam me perguntando se conheceram BTS, ATEEZ, SEVENTEEN, e a resposta \u00e9 sim, eu conheci a maioria deles, mas n\u00e3o \u00e9 do jeito que voc\u00ea imagina\u201d, relatou.<\/p>\n<\/blockquote>\n<p>A pol\u00eamica, entretanto, se iniciou quando\u00a0<strong>Karlsson\u00a0<\/strong>relata que, normalmente, quem o procura para colabora\u00e7\u00f5es s\u00e3o os idols, n\u00e3o ele, confessando que a situa\u00e7\u00e3o n\u00e3o \u00e9 como \u201cse eu estivesse tentando conhec\u00ea-los ou algo assim o tempo todo, \u00e9 mais como se eles estivessem tentando me conhecer\u201d.\u00a0O produtor continuou dizendo que \u201celes est\u00e3o tentando me convidar para jantar, beber, qualquer motivo para sairmos juntos para que possamos fazer uma m\u00fasica juntos.\u201d<\/p>\n<p>Finalizando o v\u00eddeo no <a href=\"https:\/\/www.tiktok.com\/en\/\" target=\"_blank\" rel=\"noopener nofollow\">Tik Tok<\/a>, ele revela que dois artistas, n\u00e3o identificados, o convidaram para participar de um futuro \u00e1lbum durante um encontro inusitado. Contudo, a maneira que ele abordou o assunto n\u00e3o agradou os k-poppers, que assumiram que a situa\u00e7\u00e3o foi com grupos grandes aos quais foram mencionados, assim o acusando de tentar aumentar a pr\u00f3pria reputa\u00e7\u00e3o.<\/p>\n<blockquote class=\"tiktok-embed\" style=\"max-width: 605px; min-width: 325px;\" cite=\"https:\/\/www.tiktok.com\/@lefauxreal\/video\/7560951783061736726\" data-video-id=\"7560951783061736726\"><p> <a title=\"@lefauxreal\" href=\"https:\/\/www.tiktok.com\/@lefauxreal?refer=embed\" target=\"_blank\" rel=\"noopener nofollow\">@lefauxreal<\/a>I live in an alternate universe since I moved to Seoul to make K-pop! Be delulu and literally anything can happen!!<a title=\"\u266c original sound - Alex Karlsson\" href=\"https:\/\/www.tiktok.com\/music\/original-sound-7560951727286831894?refer=embed\" target=\"_blank\" rel=\"noopener nofollow\">\u266c original sound \u2013 Alex Karlsson<\/a> <\/p><\/blockquote>\n<p>O produtor, que esteve envolvido em faixas como \u201cWe Are Bulletproof : The Eternal\u201d do <a href=\"https:\/\/www.instagram.com\/bts.bighitofficial\/?hl=en\" target=\"_blank\" rel=\"noopener nofollow\">BTS<\/a>, \u201cFever\u201d do ENHYPEN, \u201cWORK\u201d, \u201cBouncy\u201d do ATEEZ e \u201cLoser=Lover\u201d do TXT, n\u00e3o se pronunciou a respeito da controv\u00e9rsia e nem esclareceu quem eram os idols em quest\u00e3o.<\/p>\n<p> <strong>Karlsson e o K-pop<\/strong> <\/p>\n<p>A rela\u00e7\u00e3o entre <strong><a href=\"https:\/\/en.wikipedia.org\/wiki\/Alex_Karlsson\" target=\"_blank\" rel=\"noopener nofollow\">Alexander Karlsson<\/a>\u00a0<\/strong>e o g\u00eanero sul-coreano que dominou o mundo, teve in\u00edcio em 2018, quando o sueco co-produziu \u201cUndercover\u201d, um cl\u00e1ssico do SHINee de 2018. <\/p>\n<p>Desde ent\u00e3o, ele esteve presente em trabalhos do Super Junior, TWICE, NCT, Momoland, BTS, SuperM, ENHYPEN, SEVENTEEN, The Boyz, entre diversos grupos, com sua mais recente colabora\u00e7\u00e3o creditada sendo para a faixa \u201cIn Your Fantasy\u201d, do disco \u201cGolden Hour: Part.3 \u2018In Your Fantasy Edition\u201d do ATEEZ.<\/p>\n<p>\t                                            <script async src=\"\/\/www.instagram.com\/embed.js\"><\/script><script async src=\"\/\/www.tiktok.com\/embed.js\"><\/script><\/p>\n","protected":false},"excerpt":{"rendered":"Ap\u00f3s divulgar v\u00eddeo compartilhando experi\u00eancias na produ\u00e7\u00e3o de m\u00fasicas de artistas da ind\u00fastria do K-pop, o produtor musical&hellip;\n","protected":false},"author":2,"featured_media":113374,"comment_status":"","ping_status":"","sticky":false,"template":"","format":"standard","meta":{"footnotes":""},"categories":[141],"tags":[26696,2344,114,115,1688,149,150,32,33,21984],"class_list":{"0":"post-113373","1":"post","2":"type-post","3":"status-publish","4":"format-standard","5":"has-post-thumbnail","7":"category-musica","8":"tag-ateez","9":"tag-bts","10":"tag-entertainment","11":"tag-entretenimento","12":"tag-k-pop","13":"tag-music","14":"tag-musica","15":"tag-portugal","16":"tag-pt","17":"tag-seventeen"},"share_on_mastodon":{"url":"","error":""},"_links":{"self":[{"href":"https:\/\/www.europesays.com\/pt\/wp-json\/wp\/v2\/posts\/113373","targetHints":{"allow":["GET"]}}],"collection":[{"href":"https:\/\/www.europesays.com\/pt\/wp-json\/wp\/v2\/posts"}],"about":[{"href":"https:\/\/www.europesays.com\/pt\/wp-json\/wp\/v2\/types\/post"}],"author":[{"embeddable":true,"href":"https:\/\/www.europesays.com\/pt\/wp-json\/wp\/v2\/users\/2"}],"replies":[{"embeddable":true,"href":"https:\/\/www.europesays.com\/pt\/wp-json\/wp\/v2\/comments?post=113373"}],"version-history":[{"count":0,"href":"https:\/\/www.europesays.com\/pt\/wp-json\/wp\/v2\/posts\/113373\/revisions"}],"wp:featuredmedia":[{"embeddable":true,"href":"https:\/\/www.europesays.com\/pt\/wp-json\/wp\/v2\/media\/113374"}],"wp:attachment":[{"href":"https:\/\/www.europesays.com\/pt\/wp-json\/wp\/v2\/media?parent=113373"}],"wp:term":[{"taxonomy":"category","embeddable":true,"href":"https:\/\/www.europesays.com\/pt\/wp-json\/wp\/v2\/categories?post=113373"},{"taxonomy":"post_tag","embeddable":true,"href":"https:\/\/www.europesays.com\/pt\/wp-json\/wp\/v2\/tags?post=113373"}],"curies":[{"name":"wp","href":"https:\/\/api.w.org\/{rel}","templated":true}]}}