{"id":113388,"date":"2025-10-16T15:58:15","date_gmt":"2025-10-16T15:58:15","guid":{"rendered":"https:\/\/www.europesays.com\/pt\/113388\/"},"modified":"2025-10-16T15:58:15","modified_gmt":"2025-10-16T15:58:15","slug":"irma-ribeiro-cantora-revela-que-sofre-de-um-disturbio-assustador-nao-conseguimos","status":"publish","type":"post","link":"https:\/\/www.europesays.com\/pt\/113388\/","title":{"rendered":"Irma Ribeiro &#8211; Cantora revela que sofre de um dist\u00farbio assustador: \u201cN\u00e3o conseguimos&#8230;\u201d"},"content":{"rendered":"<p>Irma Ribeiro, uma das cantoras mais populares atualmente na m\u00fasica portuguesa, recorreu \u00e0 sua conta de TikTok para fazer uma partilha \u00edntima.<\/p>\n<p>No v\u00eddeo publicado, a artista revela que <strong>sofre de um dist\u00farbio<\/strong>, que a afeta usualmente quando est\u00e1 cansada.<\/p>\n<blockquote>\n<p><strong>Leia tamb\u00e9m: Irma Ribeiro &#8211; <\/strong><a href=\"https:\/\/www.novagente.pt\/irma-ribeiro-irmao-da-cantora-brutalmente-agredido-rebentaram-lhe-labio\" rel=\"nofollow noopener\" target=\"_blank\">Irm\u00e3o da cantora brutalmente agredido: &#8220;Rebentaram-lhe o l\u00e1bio&#8221;<\/a><\/p>\n<\/blockquote>\n<p><strong>\u201cMaltinha, \u00e9 s\u00f3 a mim que me acontece ter paralisia do sono?\u201d<\/strong>, come\u00e7ou por questionar e de seguida explicou no que se baseia o \u2018transtorno\u2019: \u201c<strong>Algu\u00e9m sabe o que \u00e9? Basicamente estamos a tentar acordar, mas o nosso corpo n\u00e3o responde. Tipo, n\u00e3o conseguimos falar, n\u00e3o conseguimos mexer-nos\u201d.<\/strong><\/p>\n<p><strong>\u201cHorr\u00edvel!<\/strong> Mais algu\u00e9m tem paralisia do sono quando est\u00e1 muito cansada?\u201d, finalizou a publica\u00e7\u00e3o.<\/p>\n<p>\u00a0<\/p>\n<p>\u00a0<\/p>\n<p>Texto: Carolina Charrua; Fotos: Redes sociais e Impala<\/p>\n<p class=\"intagram-text\">Siga a Nova Gente no Instagram<\/p>\n<p>                        <a href=\"https:\/\/www.instagram.com\/revistanovagente\/\" target=\"_blank\" aria-label=\"instagram\" rel=\"noopener nofollow\"><img decoding=\"async\" style=\"display: block; margin-left: auto; margin-right: auto; width: 250px; height: 83px;\" src=\"https:\/\/www.europesays.com\/pt\/wp-content\/uploads\/2025\/10\/Instagram_NG.png\" alt=\"instagram\"\/><\/a><br \/>\n                    <script async src=\"\/\/www.instagram.com\/embed.js\"><\/script><\/p>\n","protected":false},"excerpt":{"rendered":"Irma Ribeiro, uma das cantoras mais populares atualmente na m\u00fasica portuguesa, recorreu \u00e0 sua conta de TikTok para&hellip;\n","protected":false},"author":2,"featured_media":113389,"comment_status":"","ping_status":"","sticky":false,"template":"","format":"standard","meta":{"footnotes":""},"categories":[145],"tags":[1640,211,210,12058,114,115,26701,26702,32,33],"class_list":{"0":"post-113388","1":"post","2":"type-post","3":"status-publish","4":"format-standard","5":"has-post-thumbnail","7":"category-celebridades","8":"tag-cantora","9":"tag-celebridades","10":"tag-celebrities","11":"tag-disturbio","12":"tag-entertainment","13":"tag-entretenimento","14":"tag-irma-ribeiro","15":"tag-paralisia-do-sono","16":"tag-portugal","17":"tag-pt"},"share_on_mastodon":{"url":"","error":""},"_links":{"self":[{"href":"https:\/\/www.europesays.com\/pt\/wp-json\/wp\/v2\/posts\/113388","targetHints":{"allow":["GET"]}}],"collection":[{"href":"https:\/\/www.europesays.com\/pt\/wp-json\/wp\/v2\/posts"}],"about":[{"href":"https:\/\/www.europesays.com\/pt\/wp-json\/wp\/v2\/types\/post"}],"author":[{"embeddable":true,"href":"https:\/\/www.europesays.com\/pt\/wp-json\/wp\/v2\/users\/2"}],"replies":[{"embeddable":true,"href":"https:\/\/www.europesays.com\/pt\/wp-json\/wp\/v2\/comments?post=113388"}],"version-history":[{"count":0,"href":"https:\/\/www.europesays.com\/pt\/wp-json\/wp\/v2\/posts\/113388\/revisions"}],"wp:featuredmedia":[{"embeddable":true,"href":"https:\/\/www.europesays.com\/pt\/wp-json\/wp\/v2\/media\/113389"}],"wp:attachment":[{"href":"https:\/\/www.europesays.com\/pt\/wp-json\/wp\/v2\/media?parent=113388"}],"wp:term":[{"taxonomy":"category","embeddable":true,"href":"https:\/\/www.europesays.com\/pt\/wp-json\/wp\/v2\/categories?post=113388"},{"taxonomy":"post_tag","embeddable":true,"href":"https:\/\/www.europesays.com\/pt\/wp-json\/wp\/v2\/tags?post=113388"}],"curies":[{"name":"wp","href":"https:\/\/api.w.org\/{rel}","templated":true}]}}