{"id":113412,"date":"2025-10-16T16:14:09","date_gmt":"2025-10-16T16:14:09","guid":{"rendered":"https:\/\/www.europesays.com\/pt\/113412\/"},"modified":"2025-10-16T16:14:09","modified_gmt":"2025-10-16T16:14:09","slug":"a-grande-partida-anos-de-chumbo-nova-edicao-tem-lancamento-com-debate-no-clube-de-engenharia-do-brasil","status":"publish","type":"post","link":"https:\/\/www.europesays.com\/pt\/113412\/","title":{"rendered":"\u201cA Grande Partida: Anos de Chumbo\u201d \u2013 Nova Edi\u00e7\u00e3o tem lan\u00e7amento com debate no Clube de Engenharia do Brasil"},"content":{"rendered":"<p>O livro \u201c<strong>A Grande Partida: Anos de Chumbo<\/strong>\u201c, do economista Francisco Soriano, celebra a chegada de sua 3\u00aa edi\u00e7\u00e3o ampliada, com novos personagens, cap\u00edtulos e fotografias, em um evento de lan\u00e7amento marcado para o dia\u00a0<strong>22 de outubro de 2025<\/strong>, das\u00a0<strong>16h30<\/strong>\u00a0\u00e0s 19h30, no\u00a0<strong>Clube de Engenharia do Brasil<\/strong>. A obra \u00e9 um vigoroso romance revolucion\u00e1rio e narra as experi\u00eancias do autor na luta aberta e clandestina contra a ditadura empresarial-militar no Brasil.<\/p>\n<p>Francisco Soriano, natural de Te\u00f3filo Otoni e cidad\u00e3o honor\u00e1rio do Rio de Janeiro e do Estado do Rio de Janeiro, traz \u00e0 tona relatos que foram silenciados pelos traumas daquele per\u00edodo. A narrativa abrange suas viv\u00eancias dentro e fora das pris\u00f5es, ao lado de companheiros na luta contra a ditadura. Seus relatos fornecem informa\u00e7\u00f5es preciosas sobre os \u201canos de chumbo\u201d, dialogando, inclusive, com dados do relat\u00f3rio final da Comiss\u00e3o Nacional da Verdade, de 10 de dezembro de 2014.<\/p>\n<p><img fetchpriority=\"high\" decoding=\"async\" class=\"size-medium wp-image-26571 alignleft\" src=\"https:\/\/www.europesays.com\/pt\/wp-content\/uploads\/2025\/10\/a-grnade-partida-a-grnade-partida-a-grnade-partida-a-grnade-partida-480x600.webp.webp\" alt=\"\" width=\"480\" height=\"600\"  \/>O livro \u00e9 um documento hist\u00f3rico e pol\u00edtico que ressalta a trajet\u00f3ria de personagens que, embora \u201cvencidos na luta armada\u201d, emergiram vitoriosos politicamente e transmitiram uma mensagem atemporal: \u201cpor um Brasil democr\u00e1tico e soberano, a luta continua<\/p>\n<p>A vida de Francisco Soriano \u00e9 intrinsecamente ligada aos eventos narrados. Por quase 50 anos, ele foi funcion\u00e1rio da Petrobras, de onde foi demitido por raz\u00f5es pol\u00edticas devido \u00e0 sua luta contra a ditadura de 1964. Soriano respondeu a in\u00fameros inqu\u00e9ritos militares. Foi preso e torturado. Al\u00e9m de escritor, ele \u00e9 diretor da TV Comunit\u00e1ria do Rio de Janeiro e j\u00e1 ocupou cargos de diretor na Associa\u00e7\u00e3o dos Engenheiros da Petrobras (AEPET), no Movimento de Defesa da Economia Nacional (MODECON) e no Sindicato dos Petroleiros do Rio de Janeiro (SINDIPETRO-RJ).<\/p>\n<p>O evento de lan\u00e7amento contar\u00e1 com uma mesa de debates presidida por Francis Bogossian, presidente do\u00a0<strong>Clube de Engenharia do Brasil<\/strong>. A discuss\u00e3o ter\u00e1 a participa\u00e7\u00e3o da jornalista Hildegard Angel, da professora Vict\u00f3ria Grabois, do professor Ant\u00f4nio C\u00edcero e do deputado Reimont Otoni (PT\/RJ), presidente da Comiss\u00e3o de Direitos Humanos da C\u00e2mara dos Deputados, que far\u00e3o uma an\u00e1lise aprofundada sobre a obra e seu contexto hist\u00f3rico. Francisco Soriano coordenar\u00e1 o evento, que ser\u00e1 realizado de forma presencial.<\/p>\n<p>Esta 3\u00aa edi\u00e7\u00e3o de \u201c<strong>A Grande Partida: Anos de Chumbo<\/strong>\u201d \u00e9 um convite \u00e0 mem\u00f3ria, \u00e0 reflex\u00e3o e \u00e0 cont\u00ednua defesa dos valores democr\u00e1ticos. \u00c9 uma oportunidade de revisitar um passado doloroso por meio de uma perspectiva resiliente e inspiradora.<\/p>\n","protected":false},"excerpt":{"rendered":"O livro \u201cA Grande Partida: Anos de Chumbo\u201c, do economista Francisco Soriano, celebra a chegada de sua 3\u00aa&hellip;\n","protected":false},"author":2,"featured_media":113413,"comment_status":"","ping_status":"","sticky":false,"template":"","format":"standard","meta":{"footnotes":""},"categories":[143],"tags":[169,114,115,170,32,33],"class_list":{"0":"post-113412","1":"post","2":"type-post","3":"status-publish","4":"format-standard","5":"has-post-thumbnail","7":"category-livros","8":"tag-books","9":"tag-entertainment","10":"tag-entretenimento","11":"tag-livros","12":"tag-portugal","13":"tag-pt"},"share_on_mastodon":{"url":"","error":""},"_links":{"self":[{"href":"https:\/\/www.europesays.com\/pt\/wp-json\/wp\/v2\/posts\/113412","targetHints":{"allow":["GET"]}}],"collection":[{"href":"https:\/\/www.europesays.com\/pt\/wp-json\/wp\/v2\/posts"}],"about":[{"href":"https:\/\/www.europesays.com\/pt\/wp-json\/wp\/v2\/types\/post"}],"author":[{"embeddable":true,"href":"https:\/\/www.europesays.com\/pt\/wp-json\/wp\/v2\/users\/2"}],"replies":[{"embeddable":true,"href":"https:\/\/www.europesays.com\/pt\/wp-json\/wp\/v2\/comments?post=113412"}],"version-history":[{"count":0,"href":"https:\/\/www.europesays.com\/pt\/wp-json\/wp\/v2\/posts\/113412\/revisions"}],"wp:featuredmedia":[{"embeddable":true,"href":"https:\/\/www.europesays.com\/pt\/wp-json\/wp\/v2\/media\/113413"}],"wp:attachment":[{"href":"https:\/\/www.europesays.com\/pt\/wp-json\/wp\/v2\/media?parent=113412"}],"wp:term":[{"taxonomy":"category","embeddable":true,"href":"https:\/\/www.europesays.com\/pt\/wp-json\/wp\/v2\/categories?post=113412"},{"taxonomy":"post_tag","embeddable":true,"href":"https:\/\/www.europesays.com\/pt\/wp-json\/wp\/v2\/tags?post=113412"}],"curies":[{"name":"wp","href":"https:\/\/api.w.org\/{rel}","templated":true}]}}