{"id":113414,"date":"2025-10-16T16:15:11","date_gmt":"2025-10-16T16:15:11","guid":{"rendered":"https:\/\/www.europesays.com\/pt\/113414\/"},"modified":"2025-10-16T16:15:11","modified_gmt":"2025-10-16T16:15:11","slug":"dylan-com-raiva-de-vera-nao-consigo-ve-la-nem-pintada-secret-story","status":"publish","type":"post","link":"https:\/\/www.europesays.com\/pt\/113414\/","title":{"rendered":"Dylan com raiva de Vera: \u00abN\u00e3o consigo v\u00ea-la nem pintada\u00bb &#8211; Secret Story"},"content":{"rendered":"<p>No <strong>Secret Story 9<\/strong>, alguns concorrentes estavam reunidos no exterior da casa e o assunto a ser falado era a situa\u00e7\u00e3o de In\u00eas e Vera. Dylan demonstrou uma certa raiva da colega e voltou a tocar no nome das filhas, afirmando n\u00e3o entender como \u00e9 poss\u00edvel Vera &#8220;estar&#8221; com um homem e, depois, interessar-se por uma mulher.<\/p>\n<p><strong>J\u00e1 pode votar para salvar o seu concorrente favorito:<\/strong><\/p>\n<p><strong>ANA CRISTINA \u2013 761 20 20 02<br \/>BRUNA \u2013 761 20 20 03<br \/>DYLAN \u2013 761 20 20 07<br \/>JOANA \u2013 761 20 20 11<br \/>MARISA SUSANA \u2013 761 20 20 17<\/strong><\/p>\n<p><a href=\"https:\/\/tvi.iol.pt\/secretstory\/aominuto\" target=\"_blank\" wbo-id=\"32\" rel=\"nofollow noopener\">Acompanhe tudo ao minuto<\/a><\/p>\n","protected":false},"excerpt":{"rendered":"No Secret Story 9, alguns concorrentes estavam reunidos no exterior da casa e o assunto a ser falado&hellip;\n","protected":false},"author":2,"featured_media":113415,"comment_status":"","ping_status":"","sticky":false,"template":"","format":"standard","meta":{"footnotes":""},"categories":[142],"tags":[19105,114,115,19033,19034,32,33,151,11841,19032],"class_list":{"0":"post-113414","1":"post","2":"type-post","3":"status-publish","4":"format-standard","5":"has-post-thumbnail","7":"category-tv","8":"tag-dylan","9":"tag-entertainment","10":"tag-entretenimento","11":"tag-galas-em-video","12":"tag-melhores-momentos-casa-dos-segredos","13":"tag-portugal","14":"tag-pt","15":"tag-tv","16":"tag-vera","17":"tag-videos-secret-story-tvi"},"share_on_mastodon":{"url":"","error":""},"_links":{"self":[{"href":"https:\/\/www.europesays.com\/pt\/wp-json\/wp\/v2\/posts\/113414","targetHints":{"allow":["GET"]}}],"collection":[{"href":"https:\/\/www.europesays.com\/pt\/wp-json\/wp\/v2\/posts"}],"about":[{"href":"https:\/\/www.europesays.com\/pt\/wp-json\/wp\/v2\/types\/post"}],"author":[{"embeddable":true,"href":"https:\/\/www.europesays.com\/pt\/wp-json\/wp\/v2\/users\/2"}],"replies":[{"embeddable":true,"href":"https:\/\/www.europesays.com\/pt\/wp-json\/wp\/v2\/comments?post=113414"}],"version-history":[{"count":0,"href":"https:\/\/www.europesays.com\/pt\/wp-json\/wp\/v2\/posts\/113414\/revisions"}],"wp:featuredmedia":[{"embeddable":true,"href":"https:\/\/www.europesays.com\/pt\/wp-json\/wp\/v2\/media\/113415"}],"wp:attachment":[{"href":"https:\/\/www.europesays.com\/pt\/wp-json\/wp\/v2\/media?parent=113414"}],"wp:term":[{"taxonomy":"category","embeddable":true,"href":"https:\/\/www.europesays.com\/pt\/wp-json\/wp\/v2\/categories?post=113414"},{"taxonomy":"post_tag","embeddable":true,"href":"https:\/\/www.europesays.com\/pt\/wp-json\/wp\/v2\/tags?post=113414"}],"curies":[{"name":"wp","href":"https:\/\/api.w.org\/{rel}","templated":true}]}}