{"id":113416,"date":"2025-10-16T16:16:21","date_gmt":"2025-10-16T16:16:21","guid":{"rendered":"https:\/\/www.europesays.com\/pt\/113416\/"},"modified":"2025-10-16T16:16:21","modified_gmt":"2025-10-16T16:16:21","slug":"album-solo-leigh-anne-do-little-mix-divulga-titulo-capa-e-data-de-lancamento","status":"publish","type":"post","link":"https:\/\/www.europesays.com\/pt\/113416\/","title":{"rendered":"\u00c1lbum solo: Leigh-Anne, do Little Mix, divulga t\u00edtulo, capa e data de lan\u00e7amento"},"content":{"rendered":"<p>A cantora inglesa<strong> Leigh-Anne<\/strong> anunciou, enfim, o lan\u00e7amento de<a href=\"https:\/\/portalpopline.com.br\/leigh-anne-confirma-album-solo\/\" target=\"_blank\" rel=\"noopener nofollow\"> seu t\u00e3o prometido \u00e1lbum solo fora do <strong>Little Mix<\/strong><\/a>. O disco se chamar\u00e1<strong> \u201cMy Ego Told Me To\u201d<\/strong> e chegar\u00e1 \u00e0s plataformas digitais em<strong> 20 de fevereiro<\/strong>. Essa \u00e9 a capa do \u00e1lbum:<\/p>\n<p><img loading=\"lazy\" decoding=\"async\" aria-describedby=\"caption-attachment-999878\" class=\"size-full wp-image-999878\" src=\"data:image\/svg+xml,%3Csvg%20xmlns=\" http:=\"\" alt=\"\u00c1lbum solo: Leigh-Anne, do Little Mix, divulga t\u00edtulo, capa e data de lan\u00e7amento\" width=\"1290\" height=\"1288\" data-lazy-src=\"https:\/\/www.europesays.com\/pt\/wp-content\/uploads\/2025\/10\/leigh-anne-album.jpg\"\/><\/p>\n<p id=\"caption-attachment-999878\" class=\"wp-caption-text\">(Foto: Divulga\u00e7\u00e3o)<\/p>\n<p>Leia mais:<\/p>\n<p>O <strong>Little Mix<\/strong> se separou oficialmente em 2022 e todas as integrantes deram in\u00edcio \u00e0 carreira solo.<strong> Leigh-Anne<\/strong> assinou contrato com a Warner, <strong>Jade<\/strong> com a RCA, e<strong> Perrie<\/strong> com a Columbia. Mas <strong>Leigh-Anne<\/strong> n\u00e3o se deu bem com a gravadora e<a href=\"https:\/\/portalpopline.com.br\/ex-little-mix-leigh-anne-romper-contrato-warner-records\/\" target=\"_blank\" rel=\"noopener nofollow\"> encerrou seu contrato para trabalhar de forma independente<\/a>.<\/p>\n<p>\u201cFiz parte de um grupo por muito tempo. Se vou fazer isso [careira solo], ser\u00e1 nos meus termos. Houve um momento [com a gravadora] que era s\u00f3 uma batalha. Eu estava tipo \u2018n\u00e3o preciso mais disso, preciso ter o controle criativo completo\u2019\u201d, <strong>Leigh-Anne<\/strong> lembra, em entrevista \u00e0 r\u00e1dio brit\u00e2nica <strong>Kiss Xtra<\/strong>.<\/p>\n<p>Segundo a inglesa, era muito dif\u00edcil lan\u00e7ar qualquer m\u00fasica. A gravadora sempre retornava o material para ela pedindo altera\u00e7\u00f5es. \u201cEu pensei: \u2018por que existem dez vers\u00f5es dessa m\u00fasica agora? Voc\u00eas est\u00e3o literalmente tirando toda a ess\u00eancia\u2019. Eu n\u00e3o podia mais\u201d, pontua. Ela quer lan\u00e7ar suas m\u00fasicas sem precisar de aprova\u00e7\u00f5es de ningu\u00e9m.<\/p>\n<p>M\u00fasicas da Leigh-Anne fora da gravadora<\/p>\n<p>Com a Warner, a cantora alcan\u00e7ou o 11\u00ba lugar na parada brit\u00e2nica em 2023 com o single \u201cDon\u2019t Say Love\u201d e o Top 30 com o single \u201cMy Love\u201d. Ela tamb\u00e9m lan\u00e7ou um EP,<strong> \u201cNo Hard Feelings\u201d<\/strong>, em 2024.<\/p>\n<p>Fora da gravadora, ela come\u00e7ou seu trabalho independente s\u00f3 em 2025. O primeiro lan\u00e7amento foi o single \u201cBeen a Minute\u201d. Depois, ela lan\u00e7ou tamb\u00e9m \u201cBurning Up\u201d e \u201cHello\u201d (com <strong>Sigala<\/strong> e <strong>Jonita<\/strong>).<\/p>\n","protected":false},"excerpt":{"rendered":"A cantora inglesa Leigh-Anne anunciou, enfim, o lan\u00e7amento de seu t\u00e3o prometido \u00e1lbum solo fora do Little Mix.&hellip;\n","protected":false},"author":2,"featured_media":113417,"comment_status":"","ping_status":"","sticky":false,"template":"","format":"standard","meta":{"footnotes":""},"categories":[141],"tags":[1721,26707,8710,17047,114,115,26708,25170,12428,149,150,274,26709,571,32,33],"class_list":{"0":"post-113416","1":"post","2":"type-post","3":"status-publish","4":"format-standard","5":"has-post-thumbnail","7":"category-musica","8":"tag-album","9":"tag-album-independente","10":"tag-album-novo","11":"tag-album-solo","12":"tag-entertainment","13":"tag-entretenimento","14":"tag-independente","15":"tag-leigh-anne","16":"tag-little-mix","17":"tag-music","18":"tag-musica","19":"tag-musica-pop","20":"tag-my-ego-told-me-to","21":"tag-plantao","22":"tag-portugal","23":"tag-pt"},"share_on_mastodon":{"url":"","error":""},"_links":{"self":[{"href":"https:\/\/www.europesays.com\/pt\/wp-json\/wp\/v2\/posts\/113416","targetHints":{"allow":["GET"]}}],"collection":[{"href":"https:\/\/www.europesays.com\/pt\/wp-json\/wp\/v2\/posts"}],"about":[{"href":"https:\/\/www.europesays.com\/pt\/wp-json\/wp\/v2\/types\/post"}],"author":[{"embeddable":true,"href":"https:\/\/www.europesays.com\/pt\/wp-json\/wp\/v2\/users\/2"}],"replies":[{"embeddable":true,"href":"https:\/\/www.europesays.com\/pt\/wp-json\/wp\/v2\/comments?post=113416"}],"version-history":[{"count":0,"href":"https:\/\/www.europesays.com\/pt\/wp-json\/wp\/v2\/posts\/113416\/revisions"}],"wp:featuredmedia":[{"embeddable":true,"href":"https:\/\/www.europesays.com\/pt\/wp-json\/wp\/v2\/media\/113417"}],"wp:attachment":[{"href":"https:\/\/www.europesays.com\/pt\/wp-json\/wp\/v2\/media?parent=113416"}],"wp:term":[{"taxonomy":"category","embeddable":true,"href":"https:\/\/www.europesays.com\/pt\/wp-json\/wp\/v2\/categories?post=113416"},{"taxonomy":"post_tag","embeddable":true,"href":"https:\/\/www.europesays.com\/pt\/wp-json\/wp\/v2\/tags?post=113416"}],"curies":[{"name":"wp","href":"https:\/\/api.w.org\/{rel}","templated":true}]}}