{"id":113420,"date":"2025-10-16T16:18:17","date_gmt":"2025-10-16T16:18:17","guid":{"rendered":"https:\/\/www.europesays.com\/pt\/113420\/"},"modified":"2025-10-16T16:18:17","modified_gmt":"2025-10-16T16:18:17","slug":"irmao-de-nuno-gomes-caminha-para-suspender-licenca-de-agente-desportivo","status":"publish","type":"post","link":"https:\/\/www.europesays.com\/pt\/113420\/","title":{"rendered":"Irm\u00e3o de Nuno Gomes caminha para suspender licen\u00e7a de agente desportivo"},"content":{"rendered":"<p>Tiago Ribeiro, irm\u00e3o mais novo de Nuno Gomes, vai suspender a licen\u00e7a de agente desportivo, isso caso Jo\u00e3o Noronha Lopes seja o vitorioso na elei\u00e7\u00e3o presencial do Benfica, segundo apurou o <strong>Maisfutebol<\/strong>.<\/p>\n<p>Para evitar eventuais conflitos de interesses, Tiago deve tamb\u00e9m mudar a atividade ou fechar a NPlayers S.A, empresa de agenciamento de jogadores, que, recorde-se, tinha Nuno Gomes como acionista desde 2020.<\/p>\n<p>Por quest\u00f5es estatut\u00e1rias na Luz, o ex-avan\u00e7ado encarnado, por sua vez, deixou de fazer parte da ag\u00eancia ainda em agosto, quando aceitou o convite para ser um dos principais bra\u00e7os direitos de Noronha Lopes na Lista F.<\/p>\n<p>Al\u00e9m de vice-presidente, Nuno Gomes tem a promessa de ser administrador da SAD das \u00e1guias.<\/p>\n<p>De acordar que um dos neg\u00f3cios a envolver a NPlayers S.A foi a intermedia\u00e7\u00e3o da chegada do t\u00e9cnico alem\u00e3o Roger Schmidt ao Benfica na temporada 2022\/23.<\/p>\n","protected":false},"excerpt":{"rendered":"Tiago Ribeiro, irm\u00e3o mais novo de Nuno Gomes, vai suspender a licen\u00e7a de agente desportivo, isso caso Jo\u00e3o&hellip;\n","protected":false},"author":2,"featured_media":113421,"comment_status":"","ping_status":"","sticky":false,"template":"","format":"standard","meta":{"footnotes":""},"categories":[87],"tags":[51,135,11568,46,15081,7260,32,33,47,134,26710],"class_list":{"0":"post-113420","1":"post","2":"type-post","3":"status-publish","4":"format-standard","5":"has-post-thumbnail","7":"category-desporto","8":"tag-benfica","9":"tag-desporto","10":"tag-eleicoes-benfica","11":"tag-maisfutebol","12":"tag-noronha-lopes","13":"tag-nuno-gomes","14":"tag-portugal","15":"tag-pt","16":"tag-pura-paixao","17":"tag-sports","18":"tag-tiago-ribeiro"},"share_on_mastodon":{"url":"","error":""},"_links":{"self":[{"href":"https:\/\/www.europesays.com\/pt\/wp-json\/wp\/v2\/posts\/113420","targetHints":{"allow":["GET"]}}],"collection":[{"href":"https:\/\/www.europesays.com\/pt\/wp-json\/wp\/v2\/posts"}],"about":[{"href":"https:\/\/www.europesays.com\/pt\/wp-json\/wp\/v2\/types\/post"}],"author":[{"embeddable":true,"href":"https:\/\/www.europesays.com\/pt\/wp-json\/wp\/v2\/users\/2"}],"replies":[{"embeddable":true,"href":"https:\/\/www.europesays.com\/pt\/wp-json\/wp\/v2\/comments?post=113420"}],"version-history":[{"count":0,"href":"https:\/\/www.europesays.com\/pt\/wp-json\/wp\/v2\/posts\/113420\/revisions"}],"wp:featuredmedia":[{"embeddable":true,"href":"https:\/\/www.europesays.com\/pt\/wp-json\/wp\/v2\/media\/113421"}],"wp:attachment":[{"href":"https:\/\/www.europesays.com\/pt\/wp-json\/wp\/v2\/media?parent=113420"}],"wp:term":[{"taxonomy":"category","embeddable":true,"href":"https:\/\/www.europesays.com\/pt\/wp-json\/wp\/v2\/categories?post=113420"},{"taxonomy":"post_tag","embeddable":true,"href":"https:\/\/www.europesays.com\/pt\/wp-json\/wp\/v2\/tags?post=113420"}],"curies":[{"name":"wp","href":"https:\/\/api.w.org\/{rel}","templated":true}]}}