{"id":113438,"date":"2025-10-16T16:30:09","date_gmt":"2025-10-16T16:30:09","guid":{"rendered":"https:\/\/www.europesays.com\/pt\/113438\/"},"modified":"2025-10-16T16:30:09","modified_gmt":"2025-10-16T16:30:09","slug":"isto-nunca-vai-acabar-jeff-buckley-observador","status":"publish","type":"post","link":"https:\/\/www.europesays.com\/pt\/113438\/","title":{"rendered":"Isto nunca vai acabar, Jeff Buckley \u2013 Observador"},"content":{"rendered":"<p>Toda a gente \u2014 e sei bem que quando se come\u00e7a uma frase por toda a gente est\u00e1-se inevitavelmente a generalizar, mas ainda assim arrisco na generaliza\u00e7\u00e3o \u2014 tem algures na vida um momento de epifania: aquele segundo em que o clube (que n\u00e3o \u00e9 do pai, nem do tio) marca um golo e nos apercebemos que somos do FCP; ou quando vamos ao anivers\u00e1rio de um amigo do nosso melhor amigo e damos com algu\u00e9m que nos faz pensar \u201cesta vai ser a m\u00e3e dos meus filhos\u201d.<\/p>\n<p>A minha epifania ocorreu em Aveiro, no carro de um amigo que me deu boleia para casa \u2013 e lamento, mas esta hist\u00f3ria n\u00e3o vai ser t\u00e3o interessante quando o in\u00edcio do par\u00e1grafo d\u00e1 a entender. At\u00e9 ent\u00e3o, eu desmerecera a m\u00fasica de Jeff Bucley como AOR, sigla que indica a pouco entusiasmante categoria que d\u00e1 pelo nome completo de Adult Oriented Rock; simplesmente, n\u00e3o conseguia compreender o que havia assim de t\u00e3o original naquela m\u00fasica, que me parecia (perdoem) lamechas.<\/p>\n<p>N\u00e3o era a primeira vez que eu e o meu amigo t\u00ednhamos esta discuss\u00e3o \u2013 tempos antes eu despachara os Blue Nile com o mesmo argumento. Ainda por cima, tinham baixos slapados e sintetizadores \u2013 aquilo parecia-me m\u00fasica para divorciados de 40 anos e eu n\u00e3o tinha 40 anos, nem hipotecas nem filhos.<\/p>\n<p><strong>[o trailer de \u201cIt\u2019s Never Over\u201d, Jeff Buckley\u201d:]<\/strong><\/p>\n<p>Mas, nessa noite, o meu amigo limitou-se a p\u00f4r uma can\u00e7\u00e3o a tocar no leitor de cassete do r\u00e1dio: chamava-se <a href=\"https:\/\/www.youtube.com\/watch?v=ec9zIcW-LyQ\" target=\"_blank\" rel=\"noopener nofollow\">Nightmares by the Sea<\/a>\u00a0e era de <a href=\"https:\/\/www.youtube.com\/playlist?list=OLAK5uy_ldOxrAvUzGSRlECfMmPTcbX7Tc44dKtqc\" target=\"_blank\" rel=\"noopener nofollow\">Sketches for My Sweetheart the Drunk<\/a>, o disco p\u00f3stumo, de 1998. Notem bem: Jeff Buckley j\u00e1 tinha morrido, eu ficara triste pelos meus amigos que eram f\u00e3s, mas at\u00e9 escutar Nightmares by the Sea\u00a0eu nunca conseguira ter a liga\u00e7\u00e3o que eles tinham com a m\u00fasica dele.<\/p>\n<p>S\u00f3 que Nightmares by the Sea era outra coisa: muito mais negra e contida do que a emocionalidade \u00e0 flor da pele (achava eu) de <a href=\"https:\/\/www.youtube.com\/playlist?list=OLAK5uy_kwpfRB56ThszEloyBpqEYIHwEiHXt_Z_s\" target=\"_blank\" rel=\"noopener nofollow\">Grace<\/a>, o disco de estreia (de 1994), muito mais pr\u00f3ximo dos Television e do p\u00f3s-rock, guitarras secas em duelo \u2013 e naquele instante fiquei apaixonado por aquela can\u00e7\u00e3o.<\/p>\n<p>Isto levou-me a re-ouvir Grace, que passei a apreciar, mas ainda assim n\u00e3o com o grau de religiosidade que os meus amigos lhe prestavam. At\u00e9 que fui ao cinema ver Breaking the Waves seguido de The End of the Affair. Foi nessa sess\u00e3o dupla que surgiu um trailer qualquer que usava <a href=\"https:\/\/www.youtube.com\/watch?v=fdXQucDOed8&amp;pp=ygUgTG92ZXIsIFlvdSBTaG91bGQgSGF2ZSBDb21lIE92ZXI%3D\" target=\"_blank\" rel=\"noopener nofollow\">Lover, You Should Have Come Over<\/a>, precisamente do \u00e1lbum Grace \u2013 e nesse exato instante, fui tomado por uma emo\u00e7\u00e3o que desconhecia e tudo \u2013 os amores falhados, a morte de Jeff, a minha rejei\u00e7\u00e3o de anos a algo que era t\u00e3o claramente o meu campeonato \u2013 abateu-se sobre mim e desatei a chorar (um senhor de idade simpaticamente p\u00f4s-me a m\u00e3o no ombro e disse \u201cN\u00e3o se preocupe, isto nunca melhora\u201d). At\u00e9 hoje n\u00e3o sei qual o filme que usava a can\u00e7\u00e3o.<\/p>\n<p>O que sei \u00e9 que, desde ent\u00e3o, Grace se tornou uma religi\u00e3o. E o mais rid\u00edculo \u00e9 que eu j\u00e1 era f\u00e3 do pai, Tim, e conseguira, com muito esfor\u00e7o e alguns empregos de ver\u00e3o para ganhar dinheiro e ir a Londres, comprar a discografia completa do Buckley mais velho \u2013 que, nesses dias, era dif\u00edcil de determinar.<\/p>\n","protected":false},"excerpt":{"rendered":"Toda a gente \u2014 e sei bem que quando se come\u00e7a uma frase por toda a gente est\u00e1-se&hellip;\n","protected":false},"author":2,"featured_media":113439,"comment_status":"","ping_status":"","sticky":false,"template":"","format":"standard","meta":{"footnotes":""},"categories":[141],"tags":[470,315,114,115,339,149,150,32,33],"class_list":{"0":"post-113438","1":"post","2":"type-post","3":"status-publish","4":"format-standard","5":"has-post-thumbnail","7":"category-musica","8":"tag-cinema","9":"tag-cultura","10":"tag-entertainment","11":"tag-entretenimento","12":"tag-mu00fasica","13":"tag-music","14":"tag-musica","15":"tag-portugal","16":"tag-pt"},"share_on_mastodon":{"url":"","error":""},"_links":{"self":[{"href":"https:\/\/www.europesays.com\/pt\/wp-json\/wp\/v2\/posts\/113438","targetHints":{"allow":["GET"]}}],"collection":[{"href":"https:\/\/www.europesays.com\/pt\/wp-json\/wp\/v2\/posts"}],"about":[{"href":"https:\/\/www.europesays.com\/pt\/wp-json\/wp\/v2\/types\/post"}],"author":[{"embeddable":true,"href":"https:\/\/www.europesays.com\/pt\/wp-json\/wp\/v2\/users\/2"}],"replies":[{"embeddable":true,"href":"https:\/\/www.europesays.com\/pt\/wp-json\/wp\/v2\/comments?post=113438"}],"version-history":[{"count":0,"href":"https:\/\/www.europesays.com\/pt\/wp-json\/wp\/v2\/posts\/113438\/revisions"}],"wp:featuredmedia":[{"embeddable":true,"href":"https:\/\/www.europesays.com\/pt\/wp-json\/wp\/v2\/media\/113439"}],"wp:attachment":[{"href":"https:\/\/www.europesays.com\/pt\/wp-json\/wp\/v2\/media?parent=113438"}],"wp:term":[{"taxonomy":"category","embeddable":true,"href":"https:\/\/www.europesays.com\/pt\/wp-json\/wp\/v2\/categories?post=113438"},{"taxonomy":"post_tag","embeddable":true,"href":"https:\/\/www.europesays.com\/pt\/wp-json\/wp\/v2\/tags?post=113438"}],"curies":[{"name":"wp","href":"https:\/\/api.w.org\/{rel}","templated":true}]}}