{"id":113450,"date":"2025-10-16T16:39:01","date_gmt":"2025-10-16T16:39:01","guid":{"rendered":"https:\/\/www.europesays.com\/pt\/113450\/"},"modified":"2025-10-16T16:39:01","modified_gmt":"2025-10-16T16:39:01","slug":"irlandes-encontrado-morto-com-sinais-de-agressao","status":"publish","type":"post","link":"https:\/\/www.europesays.com\/pt\/113450\/","title":{"rendered":"Irland\u00eas Encontrado Morto com Sinais de Agress\u00e3o"},"content":{"rendered":"<p>Um cidad\u00e3os de nacionalidade irlandesa foi encontrado morto na manh\u00e3 desta quarta-feira, 15 de outubro, em Lisboa. Tinha sinais de agress\u00e3o.<\/p>\n<p>A PSP recebeu o alerta do Centro de Orienta\u00e7\u00e3o de Doentes Urgentes (CODU) do INEM \u00e0s 8h50 para a exist\u00eancia de um cad\u00e1ver na Rua Costa Pimenta, na zona do antigo Casal Ventoso.<\/p>\n<p>Devido \u00e0 exist\u00eancia de ferimentos na cabe\u00e7a compat\u00edveis com uma agress\u00e3o, a Pol\u00edcia Judici\u00e1ria tomou conta da ocorr\u00eancia.<\/p>\n<p>A confirmar-se a exist\u00eancia de crime, esta morte \u00e9 o segundo homic\u00eddio de cidad\u00e3os estrangeiros desta madrugada na regi\u00e3o de Lisboa. Um turista norte-americano foi morto em Cascais com uma faca.<\/p>\n","protected":false},"excerpt":{"rendered":"Um cidad\u00e3os de nacionalidade irlandesa foi encontrado morto na manh\u00e3 desta quarta-feira, 15 de outubro, em Lisboa. Tinha&hellip;\n","protected":false},"author":2,"featured_media":113451,"comment_status":"","ping_status":"","sticky":false,"template":"","format":"standard","meta":{"footnotes":""},"categories":[10],"tags":[27,28,15,16,14,5564,25,26,797,21,22,12,13,19,20,4107,32,23,24,33,17,18,29,30,31],"class_list":{"0":"post-113450","1":"post","2":"type-post","3":"status-publish","4":"format-standard","5":"has-post-thumbnail","7":"category-portugal","8":"tag-breaking-news","9":"tag-breakingnews","10":"tag-featured-news","11":"tag-featurednews","12":"tag-headlines","13":"tag-homicidio","14":"tag-latest-news","15":"tag-latestnews","16":"tag-lisboa","17":"tag-main-news","18":"tag-mainnews","19":"tag-news","20":"tag-noticias","21":"tag-noticias-principais","22":"tag-noticiasprincipais","23":"tag-pj","24":"tag-portugal","25":"tag-principais-noticias","26":"tag-principaisnoticias","27":"tag-pt","28":"tag-top-stories","29":"tag-topstories","30":"tag-ultimas","31":"tag-ultimas-noticias","32":"tag-ultimasnoticias"},"share_on_mastodon":{"url":"","error":""},"_links":{"self":[{"href":"https:\/\/www.europesays.com\/pt\/wp-json\/wp\/v2\/posts\/113450","targetHints":{"allow":["GET"]}}],"collection":[{"href":"https:\/\/www.europesays.com\/pt\/wp-json\/wp\/v2\/posts"}],"about":[{"href":"https:\/\/www.europesays.com\/pt\/wp-json\/wp\/v2\/types\/post"}],"author":[{"embeddable":true,"href":"https:\/\/www.europesays.com\/pt\/wp-json\/wp\/v2\/users\/2"}],"replies":[{"embeddable":true,"href":"https:\/\/www.europesays.com\/pt\/wp-json\/wp\/v2\/comments?post=113450"}],"version-history":[{"count":0,"href":"https:\/\/www.europesays.com\/pt\/wp-json\/wp\/v2\/posts\/113450\/revisions"}],"wp:featuredmedia":[{"embeddable":true,"href":"https:\/\/www.europesays.com\/pt\/wp-json\/wp\/v2\/media\/113451"}],"wp:attachment":[{"href":"https:\/\/www.europesays.com\/pt\/wp-json\/wp\/v2\/media?parent=113450"}],"wp:term":[{"taxonomy":"category","embeddable":true,"href":"https:\/\/www.europesays.com\/pt\/wp-json\/wp\/v2\/categories?post=113450"},{"taxonomy":"post_tag","embeddable":true,"href":"https:\/\/www.europesays.com\/pt\/wp-json\/wp\/v2\/tags?post=113450"}],"curies":[{"name":"wp","href":"https:\/\/api.w.org\/{rel}","templated":true}]}}