{"id":113460,"date":"2025-10-16T16:48:17","date_gmt":"2025-10-16T16:48:17","guid":{"rendered":"https:\/\/www.europesays.com\/pt\/113460\/"},"modified":"2025-10-16T16:48:17","modified_gmt":"2025-10-16T16:48:17","slug":"delegacao-internacional-visita-biofabrica-de-wolbitos-no-distrito-federal","status":"publish","type":"post","link":"https:\/\/www.europesays.com\/pt\/113460\/","title":{"rendered":"Delega\u00e7\u00e3o internacional visita biof\u00e1brica de wolbitos no Distrito Federal"},"content":{"rendered":"<p>Mosquitos inoculados com a bact\u00e9ria Wolbachia impedem o desenvolvimento do v\u00edrus da dengue, zika, chikungunya e febre amarela<\/p>\n<p dir=\"ltr\" style=\"text-align: justify;\">Uma delega\u00e7\u00e3o de cerca de 40 funcion\u00e1rios da World Mosquito Program (WMP), uma organiza\u00e7\u00e3o sem fins lucrativos australiana, visitou a biof\u00e1brica de wolbitos no Distrito Federal nesta quarta-feira (15). O local \u00e9 respons\u00e1vel pela cria\u00e7\u00e3o e libera\u00e7\u00e3o controlada de mosquitos\u00a0Aedes aegypti inoculados com a bact\u00e9ria Wolbachia, que impede o desenvolvimento do v\u00edrus da dengue, zika, chikungunya e febre amarela.<\/p>\n<p dir=\"ltr\" style=\"text-align: justify;\">A visita faz parte de uma agenda voltada \u00e0 troca de experi\u00eancias sobre o controle de arboviroses. A institui\u00e7\u00e3o que atua globalmente para reduzir a transmiss\u00e3o de doen\u00e7as provocadas pelo mosquito, mant\u00e9m equipes em pa\u00edses da Oceania, \u00c1sia, Europa e Am\u00e9ricas, com escrit\u00f3rios na Austr\u00e1lia, Vietn\u00e3, Fran\u00e7a e Panam\u00e1. Aqui no Brasil, o trabalho \u00e9 conduzido com apoio da Funda\u00e7\u00e3o Oswaldo Cruz (Fiocruz).\u00a0<br \/>\u00a0<\/p>\n<p>        <img loading=\"lazy\" decoding=\"async\" alt=\"\" height=\"512\" src=\"https:\/\/www.europesays.com\/pt\/wp-content\/uploads\/2025\/10\/e5bc2344-203d-2154-1380-2ccfc99f386f\" style=\"margin: 0px;\" width=\"768\"\/> <\/p>\n<p>         Delega\u00e7\u00e3o internacional visitou os recintos da f\u00e1brica de mosquito Wolbito para conhecer a experi\u00eancia do DF no combate \u00e0s arbovirores. Foto: Jhonatan Cantarelle\/Ag\u00eancia Sa\u00fade DF<\/p>\n<p dir=\"ltr\" style=\"text-align: justify;\">Os visitantes conheceram as instala\u00e7\u00f5es da biof\u00e1brica e foram apresentados aos m\u00e9todos de produ\u00e7\u00e3o dos mosquitos. Al\u00e9m disso, tamb\u00e9m participaram de uma das a\u00e7\u00f5es de soltura dos mosquitos na regi\u00e3o da Estrutural.<\/p>\n<p dir=\"ltr\" style=\"text-align: justify;\">Durante a apresenta\u00e7\u00e3o das atividades da biof\u00e1brica, o coordenador regional de opera\u00e7\u00f5es da Wolbito no Brasil, Caio Rabelo, elogiou o trabalho desenvolvido pela equipe local. \u201cEssa \u00e9 uma das maiores f\u00e1bricas de wolbitos do pa\u00eds. Temos muito orgulho da equipe e parabenizamos todos pelo esfor\u00e7o\u201d, elogiou.<\/p>\n<p dir=\"ltr\" style=\"text-align: justify;\"><strong>Reconhecimento<\/strong><\/p>\n<p dir=\"ltr\" style=\"text-align: justify;\">O subsecret\u00e1rio de Vigil\u00e2ncia \u00e0 Sa\u00fade do Distrito Federal,\u00a0 Fabiano dos Anjos Martins, destaca a relev\u00e2ncia da opera\u00e7\u00e3o no combate \u00e0s arboviroses na capital. \u201cA visita da delega\u00e7\u00e3o refor\u00e7a o reconhecimento internacional do trabalho desenvolvido aqui no DF. A biof\u00e1brica tem contribu\u00eddo de forma significativa para o controle de arboviroses, com tecnologia de ponta e uma equipe altamente qualificadda\u201d, enfatizou.<\/p>\n<p>No DF, os mosquitos est\u00e3o sendo lan\u00e7ados em Planaltina, Brazl\u00e2ndia, Sobradinho II, S\u00e3o Sebasti\u00e3o, Fercal, Estrutural, Varj\u00e3o, Arapoanga, Parano\u00e1 e Itapo\u00e3, al\u00e9m dos munic\u00edpios de Luzi\u00e2nia e Valpara\u00edso, em Goi\u00e1s.<br \/>\u00a0<\/p>\n<p>        <img loading=\"lazy\" decoding=\"async\" alt=\"\" height=\"512\" src=\"https:\/\/www.europesays.com\/pt\/wp-content\/uploads\/2025\/10\/ab43848e-b083-509c-0353-dd08ab266df6\" style=\"margin: 0px;\" width=\"768\"\/> <\/p>\n<p>         Visitantes conheceram as instala\u00e7\u00f5es da biof\u00e1brica e foram apresentados aos m\u00e9todos de produ\u00e7\u00e3o dos mosquitos. Foto: Jhonatan Cantarelle\/Ag\u00eancia Sa\u00fade DF<\/p>\n<p dir=\"ltr\" style=\"text-align: justify;\"><strong>O que \u00e9 o wolbito<\/strong><\/p>\n<p dir=\"ltr\" style=\"text-align: justify;\">O wolbito \u00e9 o mosquito Aedes aegypti\u00a0 inoculado com a bact\u00e9ria Wolbachia, que impede o desenvolvimento dos v\u00edrus da dengue, zika e chikungunya. Uma vez com a bact\u00e9ria, os insetos n\u00e3o transmitem mais essas doen\u00e7as.\u00a0<\/p>\n<p dir=\"ltr\" style=\"text-align: justify;\">Ao serem soltos nos ambientes, os wolbitos se reproduzem com os mosquitos selvagens, transmitindo a bact\u00e9ria para as pr\u00f3ximas gera\u00e7\u00f5es. Com o decorrer do tempo, n\u00e3o ser\u00e1 mais necess\u00e1rio realizar a soltura de mais mosquitos, porque a nova popula\u00e7\u00e3o de mosquitos amigos ser\u00e1 predominante.<\/p>\n<p dir=\"ltr\" style=\"text-align: justify;\"><strong>Dicas para popula\u00e7\u00e3o<\/strong><\/p>\n<p dir=\"ltr\" style=\"text-align: justify;\">Apesar de ser uma forte ferramenta aliada ao combate \u00e0s arboviroses, os outros m\u00e9todos de prote\u00e7\u00e3o devem permanecer, como evitar \u00e1gua acumulada parada, uso de repelentes, entre outros.<\/p>\n<p dir=\"ltr\" style=\"text-align: justify;\">N\u00e3o h\u00e1 diferen\u00e7a visual entre o mosquito com ou sem Wolbachia. Mesmo inoculado com a bact\u00e9ria, o mosquito continua com o mesmo tamanho, mesmo padr\u00e3o de listras, pica da mesma forma e n\u00e3o h\u00e1 nenhuma mudan\u00e7a percept\u00edvel visivelmente. Por isso, m\u00e9todos individuais de controle do mosquito, como aeross\u00f3is ou raquetes el\u00e9tricas para matar o inseto, permanecem sendo ferramentas de prote\u00e7\u00e3o.<br \/>\u00a0<\/p>\n<p>        <img loading=\"lazy\" decoding=\"async\" alt=\"\" height=\"512\" src=\"https:\/\/www.europesays.com\/pt\/wp-content\/uploads\/2025\/10\/ad04d158-b760-09a7-d49d-26273941b541\" style=\"margin: 0px;\" width=\"768\"\/> <\/p>\n<p>         Mosquitos inoculados com a bact\u00e9ria Wolbachia impedem o desenvolvimento do v\u00edrus da dengue, zika, chikungunya e febre amarela. Foto: Jhonatan Cantarelle\/Ag\u00eancia Sa\u00fade DF<\/p>\n<p dir=\"ltr\" style=\"text-align: justify;\">\u00a0<\/p>\n","protected":false},"excerpt":{"rendered":"Mosquitos inoculados com a bact\u00e9ria Wolbachia impedem o desenvolvimento do v\u00edrus da dengue, zika, chikungunya e febre amarela&hellip;\n","protected":false},"author":2,"featured_media":113461,"comment_status":"","ping_status":"","sticky":false,"template":"","format":"standard","meta":{"footnotes":""},"categories":[86],"tags":[3980,1896,1889,26714,26713,26717,1661,2807,116,7624,1133,32,33,3902,117,26712,26716,26715],"class_list":{"0":"post-113460","1":"post","2":"type-post","3":"status-publish","4":"format-standard","5":"has-post-thumbnail","7":"category-saude","8":"tag-3980","9":"tag-aedes-aegypti","10":"tag-arboviroses","11":"tag-bacteria-wolbachia","12":"tag-biofabrica","13":"tag-combate-a-arboviroses","14":"tag-destaque","15":"tag-fiocruz","16":"tag-health","17":"tag-instalacoes","18":"tag-noticia","19":"tag-portugal","20":"tag-pt","21":"tag-reconhecimento","22":"tag-saude","23":"tag-troca-de-experiencia","24":"tag-wmp","25":"tag-wolbitos"},"share_on_mastodon":{"url":"","error":""},"_links":{"self":[{"href":"https:\/\/www.europesays.com\/pt\/wp-json\/wp\/v2\/posts\/113460","targetHints":{"allow":["GET"]}}],"collection":[{"href":"https:\/\/www.europesays.com\/pt\/wp-json\/wp\/v2\/posts"}],"about":[{"href":"https:\/\/www.europesays.com\/pt\/wp-json\/wp\/v2\/types\/post"}],"author":[{"embeddable":true,"href":"https:\/\/www.europesays.com\/pt\/wp-json\/wp\/v2\/users\/2"}],"replies":[{"embeddable":true,"href":"https:\/\/www.europesays.com\/pt\/wp-json\/wp\/v2\/comments?post=113460"}],"version-history":[{"count":0,"href":"https:\/\/www.europesays.com\/pt\/wp-json\/wp\/v2\/posts\/113460\/revisions"}],"wp:featuredmedia":[{"embeddable":true,"href":"https:\/\/www.europesays.com\/pt\/wp-json\/wp\/v2\/media\/113461"}],"wp:attachment":[{"href":"https:\/\/www.europesays.com\/pt\/wp-json\/wp\/v2\/media?parent=113460"}],"wp:term":[{"taxonomy":"category","embeddable":true,"href":"https:\/\/www.europesays.com\/pt\/wp-json\/wp\/v2\/categories?post=113460"},{"taxonomy":"post_tag","embeddable":true,"href":"https:\/\/www.europesays.com\/pt\/wp-json\/wp\/v2\/tags?post=113460"}],"curies":[{"name":"wp","href":"https:\/\/api.w.org\/{rel}","templated":true}]}}