{"id":113468,"date":"2025-10-16T17:00:10","date_gmt":"2025-10-16T17:00:10","guid":{"rendered":"https:\/\/www.europesays.com\/pt\/113468\/"},"modified":"2025-10-16T17:00:10","modified_gmt":"2025-10-16T17:00:10","slug":"andreas-schjelderup-jogou-a-medio-pela-noruega-e-deixou-mensagem-a-jose-mourinho-acho-que-viu-o-jogo-bola-na-rede","status":"publish","type":"post","link":"https:\/\/www.europesays.com\/pt\/113468\/","title":{"rendered":"Andreas Schjelderup jogou a m\u00e9dio pela Noruega e deixou mensagem a Jos\u00e9 Mourinho: \u00abAcho que viu o jogo\u00bb &#8211; Bola na Rede"},"content":{"rendered":"<ol>\n<li><a href=\"https:\/\/news.google.com\/rss\/articles\/CBMi7AFBVV95cUxONEdlQWtheC1HbWJWYm8ya0pybDRHSzhleGZ5U3paNWozOXNBTkRYR01HeC1odEFzRWoxUGJleGZMOGtfWm5mNl90V3dKSU1GVmVlRmVTX1hsc241aEwzY2lqSnpBZlNNZ2Q4VlR3ODN0eWZ5Wno1d1JmSjlIVklMWVo3YTkxaWMyVk1NUUlscy0xaEN3VnhQM3NWSktTeHo1V055Y2o5SjJQakQxUk1ROURqTy1IS2Z4bS1ZS2ZuUk1wWTFTaGt1ZWY3SGlGc19HR3VkalpJZHRnYmVObXctWGxZcDZVYUpQc2NCRw?oc=5\" target=\"_blank\" rel=\"nofollow noopener\">Andreas Schjelderup jogou a m\u00e9dio pela Noruega e deixou mensagem a Jos\u00e9 Mourinho: \u00abAcho que viu o jogo\u00bb<\/a>&nbsp;&nbsp;Bola na Rede<\/li>\n<li><a href=\"https:\/\/news.google.com\/rss\/articles\/CBMi1AFBVV95cUxPcW9hMGlfOHFqTHpJZDZfN3pKdmdJNFFTc0hVZVZRQmJMYnRNQ2IwNW5HOUhsM19RTDhqT2RUdThqVUxtZFlTcTkwOUpXdTAzWnlMNmRCQlItTFFiMnA2dmNYYkQ2RUNrTUxGUFdNdnY1NDlSdG1rWjRWckQwYWNPLWVsQ0VoT2wtSnU1RnM4MjBxdGZGTXRXWjJaNTVMTEdpVVY3eFFWbDFwamp0SU4zYmVpdXV6ZVJCeXlfMXp3dV9ySTJucHd2WTh2ZkVWU2lPSkcwWA?oc=5\" target=\"_blank\" rel=\"nofollow noopener\">Benfica: Schjelderup deixa dica a Mourinho ap\u00f3s brilhar pela Noruega em posi\u00e7\u00e3o diferente<\/a>&nbsp;&nbsp;A Bola<\/li>\n<li><a href=\"https:\/\/news.google.com\/rss\/articles\/CBMitwFBVV95cUxNT01yZ1ktN3dDcEpaMTg1X3UwQUhMY2tWR19fWlFwSlYzRl9WOUowNnpGS3F0TzkyWUNSS2h3RDNXZXJYanRVWTNERHQwb2Y3X1UtSWlJNm5ESXlTSno3ZjctQkxtZTJaQXUtSW9WcnB0bnZqMjVEVXdNTDdFZEtON1pLZkRpSHhSbzdBalFocGJVbFlWTk5Hd3pBNFd6TG1qVkMwUTNDeVJVVlJycVAxRHk3Ym0yQ1U?oc=5\" target=\"_blank\" rel=\"nofollow noopener\">Schjelderup assiste pela Noruega<\/a>&nbsp;&nbsp;Site Oficial do Sport Lisboa e Benfica<\/li>\n<li><a href=\"https:\/\/news.google.com\/rss\/articles\/CBMiqAFBVV95cUxNSWdvTGRRa0RTWDFyaFJpNk9hWklvUkQ2TE44MF9McFpfOEJvdUVfOVZXcWh6cWgwSVh4WEkwcDF6aFNEd3RUWTVzckZrbnpVU3kyM0dkUEJkV2VTeFp2QU53NWt2bFFHTmRLY3ZoT3BnZlJXRzc3U2t6cWFCbE9mNll6aThFTEE1YmVhbWZGM1BDdmYtUnFJVERlRkIzeC1OVmYyUjhRNjM?oc=5\" target=\"_blank\" rel=\"nofollow noopener\">Schjelderup mete \u00e1gua na fervura: &#8220;Tenho de mostrar que mere\u00e7o&#8221;<\/a>&nbsp;&nbsp;O Jogo<\/li>\n<li><a href=\"https:\/\/news.google.com\/rss\/articles\/CBMizgFBVV95cUxOZ25CTEg1cUR1Rms5eTdpWDdrM3JaRW5McjZCWGdGS2pnUzV4ZGFrall3V285Y0hvaE1yWDExU3Vad2JSME8tb25nMTczVnloRUJjV3pKXzBHU1ZNMjVNWk5sTDJQSU1UbmNZWHp0NmliRy0xYURleVNhWVNrNnhVWVcwcm4ySFRaQ05pbE1XR3N1X0RKUFBxTExOeU1aUlptek1jYmtWMjRLY0F4cEVHaEh2N3I5M0FYUk1PVzFRMFpGRHpvQVVWemNXWHFiUQ?oc=5\" target=\"_blank\" rel=\"nofollow noopener\">\u00abMourinho percebe claramente que Schjelderup n\u00e3o cal\u00e7a com o estilo de jogo\u00bb<\/a>&nbsp;&nbsp;CNN Portugal<\/li>\n<\/ol>\n","protected":false},"excerpt":{"rendered":"Andreas Schjelderup jogou a m\u00e9dio pela Noruega e deixou mensagem a Jos\u00e9 Mourinho: \u00abAcho que viu o jogo\u00bb&nbsp;&nbsp;Bola&hellip;\n","protected":false},"author":2,"featured_media":113469,"comment_status":"","ping_status":"","sticky":false,"template":"","format":"standard","meta":{"footnotes":""},"categories":[8],"tags":[6518,260,51,27,28,478,15,16,14,1385,25,26,21,22,12,965,13,19,20,3847,32,479,23,24,33,17,18,29,30,31],"class_list":{"0":"post-113468","1":"post","2":"type-post","3":"status-publish","4":"format-standard","5":"has-post-thumbnail","7":"category-principais-noticias","8":"tag-andreas-schjelderup","9":"tag-atualidade","10":"tag-benfica","11":"tag-breaking-news","12":"tag-breakingnews","13":"tag-destaques-bnr","14":"tag-featured-news","15":"tag-featurednews","16":"tag-headlines","17":"tag-jose-mourinho","18":"tag-latest-news","19":"tag-latestnews","20":"tag-main-news","21":"tag-mainnews","22":"tag-news","23":"tag-noruega","24":"tag-noticias","25":"tag-noticias-principais","26":"tag-noticiasprincipais","27":"tag-nova-zelandia","28":"tag-portugal","29":"tag-primeira-liga","30":"tag-principais-noticias","31":"tag-principaisnoticias","32":"tag-pt","33":"tag-top-stories","34":"tag-topstories","35":"tag-ultimas","36":"tag-ultimas-noticias","37":"tag-ultimasnoticias"},"share_on_mastodon":{"url":"","error":""},"_links":{"self":[{"href":"https:\/\/www.europesays.com\/pt\/wp-json\/wp\/v2\/posts\/113468","targetHints":{"allow":["GET"]}}],"collection":[{"href":"https:\/\/www.europesays.com\/pt\/wp-json\/wp\/v2\/posts"}],"about":[{"href":"https:\/\/www.europesays.com\/pt\/wp-json\/wp\/v2\/types\/post"}],"author":[{"embeddable":true,"href":"https:\/\/www.europesays.com\/pt\/wp-json\/wp\/v2\/users\/2"}],"replies":[{"embeddable":true,"href":"https:\/\/www.europesays.com\/pt\/wp-json\/wp\/v2\/comments?post=113468"}],"version-history":[{"count":0,"href":"https:\/\/www.europesays.com\/pt\/wp-json\/wp\/v2\/posts\/113468\/revisions"}],"wp:featuredmedia":[{"embeddable":true,"href":"https:\/\/www.europesays.com\/pt\/wp-json\/wp\/v2\/media\/113469"}],"wp:attachment":[{"href":"https:\/\/www.europesays.com\/pt\/wp-json\/wp\/v2\/media?parent=113468"}],"wp:term":[{"taxonomy":"category","embeddable":true,"href":"https:\/\/www.europesays.com\/pt\/wp-json\/wp\/v2\/categories?post=113468"},{"taxonomy":"post_tag","embeddable":true,"href":"https:\/\/www.europesays.com\/pt\/wp-json\/wp\/v2\/tags?post=113468"}],"curies":[{"name":"wp","href":"https:\/\/api.w.org\/{rel}","templated":true}]}}