{"id":113471,"date":"2025-10-16T17:03:09","date_gmt":"2025-10-16T17:03:09","guid":{"rendered":"https:\/\/www.europesays.com\/pt\/113471\/"},"modified":"2025-10-16T17:03:09","modified_gmt":"2025-10-16T17:03:09","slug":"livro-backstage-spfw-retrata-bastidores-da-moda-brasileira","status":"publish","type":"post","link":"https:\/\/www.europesays.com\/pt\/113471\/","title":{"rendered":"Livro \u201cBackstage SPFW\u201d Retrata Bastidores da Moda Brasileira"},"content":{"rendered":"<p>\t\t\t\t\t\t\t&#13;<br \/>\n\t\t<img width=\"678\" height=\"452\" src=\"https:\/\/www.europesays.com\/pt\/wp-content\/uploads\/2025\/10\/0.Livro-_Backstage-SPFW_-Editora-Senac-reune-imagens-feitas-entre-1999-e-2013-por-Renato-de-Cara-e-F.jpeg\" class=\"attachment-medium_large size-medium_large wp-post-image\" alt=\"\" decoding=\"async\" fetchpriority=\"high\"\/>\t\t<\/p>\n<p>Divulga\u00e7\u00e3o\/Filipe Jardim<\/p>\n<p>&#13;<br \/>\n\t\t\tLivro &#8220;Backstage SPFW&#8221; (Editora Senac) reu\u0301ne imagens feitas entre 1999 e 2013 por Renato de Cara e Filipe Jardim&#13;<\/p>\n<p>Acessibilidade<\/p>\n<p>&#13;<br \/>\n\t\t\tL&#13;<br \/>\n\t\t\tL&#13;<br \/>\n\t\t\tA-&#13;<br \/>\n\t\t\tA+&#13;<br \/>\n\t\t\t&#13;<br \/>\n\t\t\t\u25d0&#13;<br \/>\n\t\t\t&#13;\n\t\t<\/p>\n<p>Um olho na passarela, outro nos bastidores: \u00e9 assim que celebramos os 30 anos do S\u00e3o Paulo Fashion Week, que alcan\u00e7a a sua edi\u00e7\u00e3o N60 neste m\u00eas de outubro. Nesta quinta-feira (16.10), a semana de moda paulistana inclui em seu calend\u00e1rio o lan\u00e7amento do livro \u201cBackstage SPFW\u201d (Editora Senac), acompanhado de uma exposi\u00e7\u00e3o no Pavilh\u00e3o das Culturas Brasileiras, que sedia alguns dos desfiles do line-up no Parque do Ibirapuera.\u00a0<\/p>\n<p>Com dire\u00e7\u00e3o criativa de Kleber Matheus, a publica\u00e7\u00e3o traz um recorte das fotografias de Renato de Cara e ilustra\u00e7\u00f5es de Filipe Jardim realizadas nos bastidores da semana de moda entre 1999 e 2013; um momento em que o acesso ao backstage de desfiles de moda era restrito a poucos profissionais, em que celulares com c\u00e2mera ainda n\u00e3o eram a lei que vigora (o primeiro modelo do tipo chegou ao Brasil no in\u00edcio dos anos 2000) e em que a espontaneidade na imagem ainda era uma caracter\u00edstica da nossa ind\u00fastria, hoje t\u00e3o habituada a criar momentos e cliques premeditados. N\u00e3o seria errado dizer, portanto, que as fotos e desenhos que integram o livro s\u00e3o esp\u00e9cie de olho m\u00e1gico atrav\u00e9s do qual o espectador ganha um vislumbre do que h\u00e1 por tr\u00e1s dos desfiles \u2013 igualmente ou at\u00e9 mais interessante do que o que se v\u00ea na passarela, dependendo do caso.<\/p>\n<p>Leia tamb\u00e9m<\/p>\n<p>Para Paulo Borges, fundador do SPFW, entrar no backstage era \u201cpresenciar uma cena sublime, quase invis\u00edvel. Um ritual que se repetiu por mais de dez anos \u2013 sempre igual e, ao mesmo tempo, sempre \u00fanico e especial. No sil\u00eancio pulsante do backstage, eu via surgir um universo que poucos olhos alcan\u00e7am\u201d.<\/p>\n<p><a href=\"https:\/\/forbes.com.br\/wp-content\/uploads\/2025\/10\/1.Livro-_Backstage-SPFW_-Editora-Senac-reune-imagens-feitas-entre-1999-e-2013-por-Renato-de-Cara-e-Filipe-Jardim.jpg\" rel=\"nofollow noopener\" target=\"_blank\"><img loading=\"lazy\" decoding=\"async\" class=\"is-portrait size-full wp-image-718302\" src=\"https:\/\/www.europesays.com\/pt\/wp-content\/uploads\/2025\/10\/1.Livro-_Backstage-SPFW_-Editora-Senac-reune-imagens-feitas-entre-1999-e-2013-por-Renato-de-Cara-e-F.jpeg\" alt=\"\" width=\"768\" height=\"1152\"\/><\/a><\/p>\n<p>Divulga\u00e7\u00e3o<\/p>\n<p class=\"wp-caption-text\">Livro \u201cBackstage SPFW\u201d (Editora Senac) reu\u0301ne imagens feitas entre 1999 e 2013 por Renato de Cara e Filipe Jardim<\/p>\n<p>O livro \u00e9 mais que uma reuni\u00e3o imagens: trata-se de um registro hist\u00f3rico da moda brasileira que cont\u00e9m um depoimento n\u00e3o s\u00f3 acerca de suas roupas ou supermodels (de Gisele B\u00fcndchen a Raquel Zimmermann, elas surgem em abund\u00e2ncia pelas p\u00e1ginas), mas da cria\u00e7\u00e3o das apresenta\u00e7\u00f5es de moda no Brasil, incluindo seus processos e as m\u00faltiplas m\u00e3os que os executam.\u00a0<\/p>\n<p>\u201cComecei a fotografar os bastidores ainda no final dos anos 1990, quando clicava com filme e mandava os rolos correndo para serem revelados. A\u00ed chegaram as m\u00e1quinas digitais, pequenas e f\u00e1ceis de se manipular. Meu olhar \u00e9 para o desejo espont\u00e2neo, que nos surpreende: uma perna torta, um olhar perdido ou alguma surpresa na constru\u00e7\u00e3o dos elementos\u201d, conta Renato. \u201cCostumava olhar para os funcion\u00e1rios da limpeza, para os seguran\u00e7as, para os detalhes cenogr\u00e1ficos. Tudo pode contar uma hist\u00f3ria\u201d, explica.<\/p>\n<p><a href=\"https:\/\/forbes.com.br\/wp-content\/uploads\/2025\/10\/2.Livro-_Backstage-SPFW_-Editora-Senac-reune-imagens-feitas-entre-1999-e-2013-por-Renato-de-Cara-e-Filipe-Jardim.jpg\" rel=\"nofollow noopener\" target=\"_blank\"><img loading=\"lazy\" decoding=\"async\" class=\"is-portrait size-full wp-image-718303\" src=\"https:\/\/www.europesays.com\/pt\/wp-content\/uploads\/2025\/10\/2.Livro-_Backstage-SPFW_-Editora-Senac-reune-imagens-feitas-entre-1999-e-2013-por-Renato-de-Cara-e-F.jpeg\" alt=\"\" width=\"768\" height=\"1152\"\/><\/a><\/p>\n<p>Divulga\u00e7\u00e3o\/Renato de Cara<\/p>\n<p class=\"wp-caption-text\">Livro \u201cBackstage SPFW\u201d (Editora Senac) reu\u0301ne imagens feitas entre 1999 e 2013 por Renato de Cara e Filipe Jardim<\/p>\n<p>\u201cVivemos numa \u00e9poca em que a p\u00f3s-produ\u00e7\u00e3o, ou a vontade de uma imagem perfeita, \u00e9 um objetivo. O que a gente v\u00ea nessas imagens, tanto na ilustra\u00e7\u00e3o do Filipe como na fotografia do Renato, \u00e9 justamente um olhar que traz certa frieza sobre tudo aquilo, sem afeta\u00e7\u00e3o, um olhar que aprecia a espontaneidade e at\u00e9 a falta de perfei\u00e7\u00e3o\u201d, opina Kleber. \u201cOs registros deles mostram intimidade, carinho e respeito; um trabalho silencioso no qual mantiveram a postura de n\u00e3o intervir ou interromper o que estava acontecendo\u201d.\u00a0<\/p>\n<p><a href=\"https:\/\/forbes.com.br\/wp-content\/uploads\/2025\/10\/3.Livro-_Backstage-SPFW_-Editora-Senac-reune-imagens-feitas-entre-1999-e-2013-por-Renato-de-Cara-e-Filipe-Jardim.jpg\" rel=\"nofollow noopener\" target=\"_blank\"><img loading=\"lazy\" decoding=\"async\" class=\"is-portrait size-full wp-image-718304\" src=\"https:\/\/www.europesays.com\/pt\/wp-content\/uploads\/2025\/10\/3.Livro-_Backstage-SPFW_-Editora-Senac-reune-imagens-feitas-entre-1999-e-2013-por-Renato-de-Cara-e-F.jpeg\" alt=\"\" width=\"768\" height=\"1152\"\/><\/a><\/p>\n<p>Divulga\u00e7\u00e3o\/Renato de Cara<\/p>\n<p class=\"wp-caption-text\">Livro \u201cBackstage SPFW\u201d (Editora Senac) reu\u0301ne imagens feitas entre 1999 e 2013 por Renato de Cara e Filipe Jardim<\/p>\n<p>\u201cRenato, com seu olhar atento, nosso homem invis\u00edvel, registrando em cliques descobertas preciosas. Filipe, com seu esp\u00edrito ensolarado, sempre no modo suave. A simbiose que nasceu sem pretens\u00e3o esperou mais de dez anos para ser eternizada\u201d, define Paulo. Eu j\u00e1 vi o livro e garanto: a espera valeu a pena.<\/p>\n<p>Com Antonia Petta e Milene Chaves<\/p>\n<p>Donata Meirelles \u00e9 consultora de estilo e atua h\u00e1 30 anos no mundo da moda e do lifestyle.<\/p>\n<p>Os artigos assinados s\u00e3o de responsabilidade exclusiva dos autores e n\u00e3o refletem, necessariamente, a opini\u00e3o de Forbes Brasil e de seus editores.<\/p>\n<p>Escolhas do editor<br \/>\nSiga o canal da <a href=\"https:\/\/whatsapp.com\/channel\/0029Va9gQKwBFLgM96cJnu0u\" target=\"_blank\" rel=\"noopener noreferrer nofollow\" title=\"Grupo da Forbes no WhatsApp\">Forbes<\/a> no WhatsApp e receba as principais not\u00edcias de empreendedorismo, carreira, tecnologia, agro e lifestyle.<\/p>\n","protected":false},"excerpt":{"rendered":"&#13; Divulga\u00e7\u00e3o\/Filipe Jardim &#13; Livro &#8220;Backstage SPFW&#8221; (Editora Senac) reu\u0301ne imagens feitas entre 1999 e 2013 por Renato&hellip;\n","protected":false},"author":2,"featured_media":113472,"comment_status":"","ping_status":"","sticky":false,"template":"","format":"standard","meta":{"footnotes":""},"categories":[143],"tags":[169,114,115,170,32,33],"class_list":{"0":"post-113471","1":"post","2":"type-post","3":"status-publish","4":"format-standard","5":"has-post-thumbnail","7":"category-livros","8":"tag-books","9":"tag-entertainment","10":"tag-entretenimento","11":"tag-livros","12":"tag-portugal","13":"tag-pt"},"share_on_mastodon":{"url":"","error":""},"_links":{"self":[{"href":"https:\/\/www.europesays.com\/pt\/wp-json\/wp\/v2\/posts\/113471","targetHints":{"allow":["GET"]}}],"collection":[{"href":"https:\/\/www.europesays.com\/pt\/wp-json\/wp\/v2\/posts"}],"about":[{"href":"https:\/\/www.europesays.com\/pt\/wp-json\/wp\/v2\/types\/post"}],"author":[{"embeddable":true,"href":"https:\/\/www.europesays.com\/pt\/wp-json\/wp\/v2\/users\/2"}],"replies":[{"embeddable":true,"href":"https:\/\/www.europesays.com\/pt\/wp-json\/wp\/v2\/comments?post=113471"}],"version-history":[{"count":0,"href":"https:\/\/www.europesays.com\/pt\/wp-json\/wp\/v2\/posts\/113471\/revisions"}],"wp:featuredmedia":[{"embeddable":true,"href":"https:\/\/www.europesays.com\/pt\/wp-json\/wp\/v2\/media\/113472"}],"wp:attachment":[{"href":"https:\/\/www.europesays.com\/pt\/wp-json\/wp\/v2\/media?parent=113471"}],"wp:term":[{"taxonomy":"category","embeddable":true,"href":"https:\/\/www.europesays.com\/pt\/wp-json\/wp\/v2\/categories?post=113471"},{"taxonomy":"post_tag","embeddable":true,"href":"https:\/\/www.europesays.com\/pt\/wp-json\/wp\/v2\/tags?post=113471"}],"curies":[{"name":"wp","href":"https:\/\/api.w.org\/{rel}","templated":true}]}}