{"id":113475,"date":"2025-10-16T17:06:10","date_gmt":"2025-10-16T17:06:10","guid":{"rendered":"https:\/\/www.europesays.com\/pt\/113475\/"},"modified":"2025-10-16T17:06:10","modified_gmt":"2025-10-16T17:06:10","slug":"o-agente-secreto-esta-em-pre-venda-nos-cinemas-16-10-2025-cinema","status":"publish","type":"post","link":"https:\/\/www.europesays.com\/pt\/113475\/","title":{"rendered":"&#8216;O Agente Secreto&#8217; est\u00e1 em pr\u00e9-venda nos cinemas &#8211; 16\/10\/2025 &#8211; Cinema"},"content":{"rendered":"<p>                            16\/10\/2025<\/p>\n<p>                              <img decoding=\"async\" src=\"https:\/\/f.i.uol.com.br\/guia\/3\/furniture\/images\/icons\/clock.svg\" alt=\"Hor\u00e1rio\" class=\"news__icon-clock c-lazyload\"\/><\/p>\n<p>                              12h10<\/p>\n<p>\n<strong class=\"c-signature__location\">S\u00e3o Paulo<\/strong>\n<\/p>\n<p>Come\u00e7a nesta quinta (16) a venda de pr\u00e9-estreia do filme &#8220;<a href=\"https:\/\/www1.folha.uol.com.br\/folha-topicos\/o-agente-secreto\/\" rel=\"nofollow noopener\" target=\"_blank\">O Agente Secreto<\/a>&#8220;, do diretor <a href=\"https:\/\/www1.folha.uol.com.br\/folha-topicos\/kleber-mendonca-filho\/\" rel=\"nofollow noopener\" target=\"_blank\">Kleber Mendon\u00e7a Filho<\/a>, que \u00e9 protagonizado por <a href=\"https:\/\/www1.folha.uol.com.br\/folha-topicos\/wagner-moura\/\" rel=\"nofollow noopener\" target=\"_blank\">Wagner Moura<\/a>. Os t\u00edquetes est\u00e3o dispon\u00edveis em sites da redes Cinemark, Cinesystem, Cin\u00e9polis e Belas Artes ou aplicativo do <a href=\"https:\/\/www.ingresso.com\/\" rel=\"nofollow noopener\" target=\"_blank\">Ingresso.com<\/a>.<\/p>\n<p>Com pr\u00eamios de melhor dire\u00e7\u00e3o e melhor ator no <a href=\"https:\/\/www1.folha.uol.com.br\/folha-topicos\/festival-de-cannes\/\" rel=\"nofollow noopener\" target=\"_blank\">Festival de Cannes<\/a> de 2025, na Fran\u00e7a, o longa tem lan\u00e7amento marcado para o dia 6 de novembro, mas j\u00e1 tem sess\u00f5es no circuito comercial a partir do dia 26.<\/p>\n<p>O filme ainda ser\u00e1 exibido na <a href=\"https:\/\/www1.folha.uol.com.br\/folha-topicos\/mostra-de-cinema-de-sp\/\" rel=\"nofollow noopener\" target=\"\">49\u00aa Mostra Internacional de S\u00e3o Paulo<\/a>, que acontece at\u00e9 30 de outubro em S\u00e3o Paulo.<\/p>\n<p>Ambientada durante a ditadura militar nos anos 1970, a hist\u00f3ria acompanha Marcelo (Wagner Moura), especialista em tecnologia que decide recome\u00e7ar sua vida e fugir de seu passado violento, se mudando para Recife. Ao chegar na capital pernambucana, ele percebe que a cidade natal esconde perigos e segredos inquietantes. A situa\u00e7\u00e3o se intensifica quando sente estar sendo espionado por seus vizinhos.<\/p>\n<p>&#8220;O Agente Secreto&#8221; foi selecionado pela Academia Brasileira de Cinema para competir na categoria de <a href=\"https:\/\/www1.folha.uol.com.br\/ilustrada\/2025\/10\/o-agente-secreto-esta-entre-favoritos-ao-oscar-da-revista-the-hollywood-reporter.shtml\" rel=\"nofollow noopener\" target=\"\">Melhor Filme Internacional<\/a> na premia\u00e7\u00e3o de mar\u00e7o de 2026.<\/p>\n","protected":false},"excerpt":{"rendered":"16\/10\/2025 12h10 S\u00e3o Paulo Come\u00e7a nesta quinta (16) a venda de pr\u00e9-estreia do filme &#8220;O Agente Secreto&#8220;, do&hellip;\n","protected":false},"author":2,"featured_media":113476,"comment_status":"","ping_status":"","sticky":false,"template":"","format":"standard","meta":{"footnotes":""},"categories":[140],"tags":[11098,207,470,6724,114,115,147,148,761,26718,5267,25430,146,2158,1409,32,33,12348],"class_list":{"0":"post-113475","1":"post","2":"type-post","3":"status-publish","4":"format-standard","5":"has-post-thumbnail","7":"category-filmes","8":"tag-academia-de-cinema","9":"tag-arte","10":"tag-cinema","11":"tag-cinema-brasileiro","12":"tag-entertainment","13":"tag-entretenimento","14":"tag-film","15":"tag-filmes","16":"tag-guia-folha","17":"tag-kleber-mendona-filho","18":"tag-mostra-de-cinema","19":"tag-mostra-de-cinema-de-sp","20":"tag-movies","21":"tag-o-agente-secreto","22":"tag-oscar","23":"tag-portugal","24":"tag-pt","25":"tag-wagner-moura"},"share_on_mastodon":{"url":"","error":""},"_links":{"self":[{"href":"https:\/\/www.europesays.com\/pt\/wp-json\/wp\/v2\/posts\/113475","targetHints":{"allow":["GET"]}}],"collection":[{"href":"https:\/\/www.europesays.com\/pt\/wp-json\/wp\/v2\/posts"}],"about":[{"href":"https:\/\/www.europesays.com\/pt\/wp-json\/wp\/v2\/types\/post"}],"author":[{"embeddable":true,"href":"https:\/\/www.europesays.com\/pt\/wp-json\/wp\/v2\/users\/2"}],"replies":[{"embeddable":true,"href":"https:\/\/www.europesays.com\/pt\/wp-json\/wp\/v2\/comments?post=113475"}],"version-history":[{"count":0,"href":"https:\/\/www.europesays.com\/pt\/wp-json\/wp\/v2\/posts\/113475\/revisions"}],"wp:featuredmedia":[{"embeddable":true,"href":"https:\/\/www.europesays.com\/pt\/wp-json\/wp\/v2\/media\/113476"}],"wp:attachment":[{"href":"https:\/\/www.europesays.com\/pt\/wp-json\/wp\/v2\/media?parent=113475"}],"wp:term":[{"taxonomy":"category","embeddable":true,"href":"https:\/\/www.europesays.com\/pt\/wp-json\/wp\/v2\/categories?post=113475"},{"taxonomy":"post_tag","embeddable":true,"href":"https:\/\/www.europesays.com\/pt\/wp-json\/wp\/v2\/tags?post=113475"}],"curies":[{"name":"wp","href":"https:\/\/api.w.org\/{rel}","templated":true}]}}