{"id":113483,"date":"2025-10-16T17:10:16","date_gmt":"2025-10-16T17:10:16","guid":{"rendered":"https:\/\/www.europesays.com\/pt\/113483\/"},"modified":"2025-10-16T17:10:16","modified_gmt":"2025-10-16T17:10:16","slug":"chamam-se-orcs-e-estao-entre-as-mais-recentes-maravilhas-cosmicas-a-serem-descobertas","status":"publish","type":"post","link":"https:\/\/www.europesays.com\/pt\/113483\/","title":{"rendered":"Chamam-se ORCs e est\u00e3o entre as mais recentes maravilhas c\u00f3smicas a serem descobertas"},"content":{"rendered":"<p> <img decoding=\"async\" fetchpriority=\"high\" src=\"https:\/\/www.europesays.com\/pt\/wp-content\/uploads\/2025\/10\/si-chiamano-orc-e-sono-tra-le-ultime-meraviglie-cosmiche-scoperte-1760091113951_1024.png\"  width=\"768\" height=\"432\" alt=\"ORC\" title=\"ORC\" data-image=\"ep21inqaqbrh\"\/>Impress\u00e3o de artista do duplo ORC recentemente descoberto. Cr\u00e9dito: Rad@home Astronomy Collaboratory (\u00cdndia).   <img decoding=\"async\" fetchpriority=\"high\" src=\"https:\/\/www.europesays.com\/pt\/wp-content\/uploads\/2025\/09\/sergio-messina.jpg\" alt=\"Sergio Messina\" width=\"40\" height=\"40\"\/>    <a class=\"nombre text-hv\" href=\"https:\/\/www.tempo.pt\/autor\/sergio-messina\/\" title=\"Sergio Messina\" rel=\"nofollow noopener\" target=\"_blank\">Sergio Messina<\/a> Meteored It\u00e1lia        16\/10\/2025 12:45   5 min   <\/p>\n<p>Podemos consider\u00e1-los como as mais recentes adi\u00e7\u00f5es ao bazar de objetos astron\u00f3micos. Os primeiros foram descobertos por acaso h\u00e1 apenas seis anos e, at\u00e9 \u00e0 data, o n\u00famero de objetos deste tipo descobertos \u00e9 muito reduzido.<\/p>\n<p>Estamos a falar dos ORCs, ou C\u00edrculos de R\u00e1dio Estranhos (ORC). <strong>S\u00e3o fontes brilhantes de ondas de r\u00e1dio, invis\u00edveis a olho nu, mas detet\u00e1veis apenas com radiotelesc\u00f3pios<\/strong>. <\/p>\n<p>T\u00eam uma forma circular, com uma gal\u00e1xia no seu centro, e emitem ondas de r\u00e1dio apenas ao longo da sua circunfer\u00eancia,<strong> com um di\u00e2metro entre 10 e 20 vezes o tamanho da nossa gal\u00e1xia<\/strong>.<\/p>\n<p>O rec\u00e9m-descoberto ORC<\/p>\n<p> O mais recente ORC foi recentemente descoberto gra\u00e7as a um esfor\u00e7o conjunto entre a plataforma de ci\u00eancia cidad\u00e3 Rad@home Astronomy Collaboratory e o radiotelesc\u00f3pio LOFAR (Low-Frequency Array). <\/p>\n<p>A ci\u00eancia cidad\u00e3 \u00e9 uma ci\u00eancia participativa que envolve cidad\u00e3os n\u00e3o especializados em atividades de investiga\u00e7\u00e3o cient\u00edfica, como a recolha, an\u00e1lise ou interpreta\u00e7\u00e3o de dados, em colabora\u00e7\u00e3o com cientistas profissionais. <\/p>\n<p> O rec\u00e9m-descoberto ORC, denominado Rad J131346.9+500320, \u00e9 excecional, n\u00e3o s\u00f3 por ser o mais brilhante, mas<strong> tamb\u00e9m, como mostra a foto da capa, por ser um radiotelesc\u00f3pio duplo, constitu\u00eddo por dois an\u00e9is brilhantes sobrepostos<\/strong>. <\/p>\n<p>O LOFAR (LOw-Frequency ARray) \u00e9 um radiotelesc\u00f3pio pan-europeu constitu\u00eddo por uma rede de antenas espalhadas pela Europa, operado pela Funda\u00e7\u00e3o Internacional do Telesc\u00f3pio LOFAR (ILT) e pelo cons\u00f3rcio LOFAR-ERIC. <\/p>\n<p>Ao mesmo tempo que o ORC acima mencionado, <strong>foram descobertos dois outros<\/strong>: Rad J122622.6+640622 e Rad J142004.0+621715. <\/p>\n<p>Quais s\u00e3o as hip\u00f3teses sobre a natureza destes ORCs? <\/p>\n<p>Sabemos que os que foram descobertos at\u00e9 agora est\u00e3o a dist\u00e2ncias muito superiores a milh\u00f5es de anos-luz da Terra, <strong>pelo que n\u00e3o s\u00e3o objetos jovens<\/strong>.<\/p>\n<p>S\u00e3o compostos por <strong>plasma relativista magnetizado<\/strong>. Ou seja, s\u00e3o compostos por uma mistura de prot\u00f5es e electr\u00f5es que se movem a velocidades pr\u00f3ximas da velocidade da luz e s\u00e3o permeados por campos magn\u00e9ticos. \u00c9 precisamente o <strong>movimento em espiral dos eletr\u00f5es em torno das linhas do campo magn\u00e9tico<\/strong> que determina a emiss\u00e3o de ondas de r\u00e1dio. <\/p>\n<p><img loading=\"lazy\" decoding=\"async\" fetchpriority=\"low\" class=\"lazy \" src=\"https:\/\/www.europesays.com\/pt\/wp-content\/uploads\/2025\/10\/si-chiamano-orc-e-sono-tra-le-ultime-meraviglie-cosmiche-scoperte-1760091249790_1024.png\"  width=\"768\" height=\"432\" alt=\"ORC\" title=\"ORC\" data-image=\"98sbo4bpxb64\"\/>Imagem de r\u00e1dio do primeiro ORC descoberto no final de 2019. Cr\u00e9dito: B\u00e4rbel Koribalski\/Askap\/Dark Energy Survey<\/p>\n<p>Existem v\u00e1rias hip\u00f3teses sobre a sua origem, ou melhor, sobre o seu processo de elimina\u00e7\u00e3o.<\/p>\n<p>S\u00e3o muito semelhantes aos restos de supernovas devido \u00e0 sua estrutura esfericamente sim\u00e9trica. Por isso, poderiam ser gerados por ondas de choque do material ejetado durante a explos\u00e3o da supernova. No entanto, <strong>estes ORCs encontram-se em regi\u00f5es do c\u00e9u onde nunca foram observadas supernovas, pelo que podem pertencer a uma fam\u00edlia de supernovas ainda desconhecida<\/strong>. <\/p>\n<p><a class=\"imagen \" href=\"https:\/\/www.tempo.pt\/noticias\/astronomia\/pela-primeira-vez-uma-supernova-com-explosao-dupla-foi-observada-como-isso-foi-possivel.html\" title=\"Pela primeira vez, uma supernova com &#039;explos\u00e3o dupla&#039; foi observada. Como \u00e9 que isto foi poss\u00edvel?\" rel=\"nofollow noopener\" target=\"_blank\"><img loading=\"lazy\" decoding=\"async\" fetchpriority=\"low\" class=\"lazy img-body non-editable\" src=\"https:\/\/www.europesays.com\/pt\/wp-content\/uploads\/2025\/10\/per-la-prima-volta-viene-osservata-una-supernova-con-doppia-detonazione-come-e-stato-possibile-17525.png\"  width=\"320\" height=\"225\" alt=\"Pela primeira vez, uma supernova com 'explos\u00e3o dupla' foi observada. Como \u00e9 que isto foi poss\u00edvel?\"\/><\/a><\/p>\n<p>S\u00e3o tamb\u00e9m semelhantes \u00e0s nebulosas planet\u00e1rias, mas o seu espectro (a distribui\u00e7\u00e3o da energia emitida em diferentes comprimentos de onda) difere do das nebulosas planet\u00e1rias. Assemelham-se aos \u201can\u00e9is de Einstein\u201d <strong>produzidos por lentes gravitacionais, mas diferem pelo facto de serem ordens de grandeza maiores<\/strong>.<\/p>\n<p>Hip\u00f3teses mais prov\u00e1veis<\/p>\n<p>Uma hip\u00f3tese poss\u00edvel \u00e9 que se trate de auto-ondas geradas por eventos explosivos (como a fus\u00e3o de buracos negros), que, no entanto, devem ter ocorrido num momento muito distante para que a onda esf\u00e9rica tenha tempo de atingir um raio t\u00e3o grande (como se a onda tivesse de percorrer uma trajet\u00f3ria 20 vezes maior do que a nossa gal\u00e1xia). <\/p>\n<p><img loading=\"lazy\" decoding=\"async\" fetchpriority=\"low\" class=\"lazy \" src=\"https:\/\/www.europesays.com\/pt\/wp-content\/uploads\/2025\/10\/si-chiamano-orc-e-sono-tra-le-ultime-meraviglie-cosmiche-scoperte-1760091455186_1024.png\"  width=\"768\" height=\"432\" alt=\"Lofar\" title=\"Lofar\" data-image=\"v3cilgd8esbc\"\/>Uma das esta\u00e7\u00f5es do radiotelesc\u00f3pio Lofar nos Pa\u00edses Baixos. Cr\u00e9dito: LOFAR<\/p>\n<p>Ou podem<strong> ser jatos de r\u00e1dio emitidos por gal\u00e1xias, e a combina\u00e7\u00e3o da sua forma com o \u00e2ngulo de vis\u00e3o d\u00e1-lhes um aspeto circular<\/strong>.<\/p>\n<p><a class=\"imagen \" href=\"https:\/\/www.tempo.pt\/noticias\/astronomia\/ondas-de-radio-intercetadas-do-espaco-e-emitidas-por-um-sinalizador-cosmico.html\" title=\"Ondas de r\u00e1dio intercetadas do espa\u00e7o e emitidas por um sinalizador c\u00f3smico\" rel=\"nofollow noopener\" target=\"_blank\"><img loading=\"lazy\" decoding=\"async\" fetchpriority=\"low\" class=\"lazy img-body non-editable\" src=\"https:\/\/www.europesays.com\/pt\/wp-content\/uploads\/2025\/10\/intercettate-onde-radio-provenienti-dallo-spazio-ed-emesse-da-un-faro-cosmico-1742553772349_320.png\"  width=\"320\" height=\"225\" alt=\"Ondas de r\u00e1dio intercetadas do espa\u00e7o e emitidas por um sinalizador c\u00f3smico\"\/><\/a><\/p>\n<p>A nova gera\u00e7\u00e3o de radiotelesc\u00f3pios, como o Square Kilometre Array (SKA), descobrir\u00e1 novos, e a sinergia com telesc\u00f3pios \u00f3pticos permitir-nos-\u00e1 determinar a sua dist\u00e2ncia, o que ajudar\u00e1 a desvendar a sua natureza misteriosa.<\/p>\n<p>Refer\u00eancia da not\u00edcia<\/p>\n<p><a href=\"https:\/\/academic.oup.com\/mnras\/article\/543\/2\/1048\/8267915\" target=\"_blank\" rel=\"nofollow noopener\">&#8220;RAD@home discovery of extragalactic radio rings and odd radio circles: clues to their origins&#8221;<\/a> Ananda Hota et al. Monthly Notices of the Royal Astronomical Society, Volume 543, Issue 2, October 2025. https:\/\/doi.org\/10.1093\/mnras\/staf1531<\/p>\n","protected":false},"excerpt":{"rendered":"Impress\u00e3o de artista do duplo ORC recentemente descoberto. Cr\u00e9dito: Rad@home Astronomy Collaboratory (\u00cdndia). Sergio Messina Meteored It\u00e1lia 16\/10\/2025&hellip;\n","protected":false},"author":2,"featured_media":113484,"comment_status":"","ping_status":"","sticky":false,"template":"","format":"standard","meta":{"footnotes":""},"categories":[84],"tags":[26721,443,109,107,108,26720,32,33,26719,105,103,104,106,110],"class_list":{"0":"post-113483","1":"post","2":"type-post","3":"status-publish","4":"format-standard","5":"has-post-thumbnail","7":"category-ciencia-e-tecnologia","8":"tag-aneis","9":"tag-astronomia","10":"tag-ciencia","11":"tag-ciencia-e-tecnologia","12":"tag-cienciaetecnologia","13":"tag-espaco-exterior","14":"tag-portugal","15":"tag-pt","16":"tag-radiotelescopio","17":"tag-science","18":"tag-science-and-technology","19":"tag-scienceandtechnology","20":"tag-technology","21":"tag-tecnologia"},"share_on_mastodon":{"url":"","error":""},"_links":{"self":[{"href":"https:\/\/www.europesays.com\/pt\/wp-json\/wp\/v2\/posts\/113483","targetHints":{"allow":["GET"]}}],"collection":[{"href":"https:\/\/www.europesays.com\/pt\/wp-json\/wp\/v2\/posts"}],"about":[{"href":"https:\/\/www.europesays.com\/pt\/wp-json\/wp\/v2\/types\/post"}],"author":[{"embeddable":true,"href":"https:\/\/www.europesays.com\/pt\/wp-json\/wp\/v2\/users\/2"}],"replies":[{"embeddable":true,"href":"https:\/\/www.europesays.com\/pt\/wp-json\/wp\/v2\/comments?post=113483"}],"version-history":[{"count":0,"href":"https:\/\/www.europesays.com\/pt\/wp-json\/wp\/v2\/posts\/113483\/revisions"}],"wp:featuredmedia":[{"embeddable":true,"href":"https:\/\/www.europesays.com\/pt\/wp-json\/wp\/v2\/media\/113484"}],"wp:attachment":[{"href":"https:\/\/www.europesays.com\/pt\/wp-json\/wp\/v2\/media?parent=113483"}],"wp:term":[{"taxonomy":"category","embeddable":true,"href":"https:\/\/www.europesays.com\/pt\/wp-json\/wp\/v2\/categories?post=113483"},{"taxonomy":"post_tag","embeddable":true,"href":"https:\/\/www.europesays.com\/pt\/wp-json\/wp\/v2\/tags?post=113483"}],"curies":[{"name":"wp","href":"https:\/\/api.w.org\/{rel}","templated":true}]}}