{"id":113485,"date":"2025-10-16T17:12:07","date_gmt":"2025-10-16T17:12:07","guid":{"rendered":"https:\/\/www.europesays.com\/pt\/113485\/"},"modified":"2025-10-16T17:12:07","modified_gmt":"2025-10-16T17:12:07","slug":"cinco-detidos-no-aeroporto-do-porto-com-passaportes-falsos","status":"publish","type":"post","link":"https:\/\/www.europesays.com\/pt\/113485\/","title":{"rendered":"Cinco detidos no aeroporto do Porto com passaportes falsos"},"content":{"rendered":"<p>Segundo fonte da PSP, os cinco homens foram detidos na ter\u00e7a e na quarta-feira, no Aeroporto Francisco S\u00e1 Carneiro, quando tentavam embarcar para o Reino Unido.<\/p>\n<p data-remotead-prev-elm=\"true\" data-remotead-elm-id=\"inread\">Em comunicado, o Comando Metropolitano da PSP do Porto esclarece que os suspeitos, &#8220;naturais da Alb\u00e2nia, tentaram transpor a fronteira a\u00e9rea e embarcar para o Reino Unido com passaportes falsos&#8221;.<\/p>\n<p>&#8220;Estes passaportes indicavam ser de pa\u00edses europeus (Su\u00ed\u00e7a, B\u00e9lgica, Cro\u00e1cia e Gr\u00e9cia), o que facilitaria o embarque no avi\u00e3o e posteriormente a entrada no pa\u00eds de destino uma vez que n\u00e3o seria necess\u00e1rio visto de entrada&#8221;, acrescenta.<\/p>\n<p data-remotead-prev-elm=\"true\" data-remotead-elm-id=\"centro1\">A PSP refere ainda que os detidos tinham na sua posse os passaportes originais da Alb\u00e2nia.<\/p>\n<p>Os detidos ir\u00e3o ser ouvidos em tribunal para aplica\u00e7\u00e3o das medidas de coa\u00e7\u00e3o.<\/p>\n","protected":false},"excerpt":{"rendered":"Segundo fonte da PSP, os cinco homens foram detidos na ter\u00e7a e na quarta-feira, no Aeroporto Francisco S\u00e1&hellip;\n","protected":false},"author":2,"featured_media":113486,"comment_status":"","ping_status":"","sticky":false,"template":"","format":"standard","meta":{"footnotes":""},"categories":[50],"tags":[322,27,28,20018,15,16,14,25,26,21,22,62,12,13,19,20,26722,23,24,17,18,29,30,31,63,64,65],"class_list":{"0":"post-113485","1":"post","2":"type-post","3":"status-publish","4":"format-standard","5":"has-post-thumbnail","7":"category-mundo","8":"tag-aeroporto","9":"tag-breaking-news","10":"tag-breakingnews","11":"tag-concelho-porto","12":"tag-featured-news","13":"tag-featurednews","14":"tag-headlines","15":"tag-latest-news","16":"tag-latestnews","17":"tag-main-news","18":"tag-mainnews","19":"tag-mundo","20":"tag-news","21":"tag-noticias","22":"tag-noticias-principais","23":"tag-noticiasprincipais","24":"tag-passaporte-falso","25":"tag-principais-noticias","26":"tag-principaisnoticias","27":"tag-top-stories","28":"tag-topstories","29":"tag-ultimas","30":"tag-ultimas-noticias","31":"tag-ultimasnoticias","32":"tag-world","33":"tag-world-news","34":"tag-worldnews"},"share_on_mastodon":{"url":"","error":""},"_links":{"self":[{"href":"https:\/\/www.europesays.com\/pt\/wp-json\/wp\/v2\/posts\/113485","targetHints":{"allow":["GET"]}}],"collection":[{"href":"https:\/\/www.europesays.com\/pt\/wp-json\/wp\/v2\/posts"}],"about":[{"href":"https:\/\/www.europesays.com\/pt\/wp-json\/wp\/v2\/types\/post"}],"author":[{"embeddable":true,"href":"https:\/\/www.europesays.com\/pt\/wp-json\/wp\/v2\/users\/2"}],"replies":[{"embeddable":true,"href":"https:\/\/www.europesays.com\/pt\/wp-json\/wp\/v2\/comments?post=113485"}],"version-history":[{"count":0,"href":"https:\/\/www.europesays.com\/pt\/wp-json\/wp\/v2\/posts\/113485\/revisions"}],"wp:featuredmedia":[{"embeddable":true,"href":"https:\/\/www.europesays.com\/pt\/wp-json\/wp\/v2\/media\/113486"}],"wp:attachment":[{"href":"https:\/\/www.europesays.com\/pt\/wp-json\/wp\/v2\/media?parent=113485"}],"wp:term":[{"taxonomy":"category","embeddable":true,"href":"https:\/\/www.europesays.com\/pt\/wp-json\/wp\/v2\/categories?post=113485"},{"taxonomy":"post_tag","embeddable":true,"href":"https:\/\/www.europesays.com\/pt\/wp-json\/wp\/v2\/tags?post=113485"}],"curies":[{"name":"wp","href":"https:\/\/api.w.org\/{rel}","templated":true}]}}