{"id":113487,"date":"2025-10-16T17:13:56","date_gmt":"2025-10-16T17:13:56","guid":{"rendered":"https:\/\/www.europesays.com\/pt\/113487\/"},"modified":"2025-10-16T17:13:56","modified_gmt":"2025-10-16T17:13:56","slug":"ue-prepara-pacote-para-habitacao-com-aperto-de-regras-para-airbnb-e-booking","status":"publish","type":"post","link":"https:\/\/www.europesays.com\/pt\/113487\/","title":{"rendered":"UE prepara pacote para habita\u00e7\u00e3o com aperto de regras para Airbnb e Booking"},"content":{"rendered":"<p class=\"wp-caption-text top\"><a href=\"https:\/\/commons.wikimedia.org\/wiki\/File:Dan_J%C3%B8rgensen_2024.jpg\" rel=\"nofollow external noopener noreferrer\" data-wpel-link=\"external\" target=\"_blank\" class=\"ext-link\">Jennifer Jacquemart \/ Comiss\u00e3o Europeia \/ Wikimedia<\/a><\/p>\n<p><img decoding=\"async\" loading=\"lazy\" class=\"wp-image-633269 size-kopa-image-size-3\" src=\"https:\/\/www.europesays.com\/pt\/wp-content\/uploads\/2025\/10\/08fbc3a0fe740ccd10591dec632fc4fb-783x450.jpg\" alt=\"\" width=\"700\" height=\"402\"  \/><\/p>\n<p class=\"wp-caption-text bot\">Dan J\u00f8rgensen<\/p>\n<p><strong>O primeiro plano europeu de resposta \u00e0 crise na habita\u00e7\u00e3o ser\u00e1 anunciado integralmente em dezembro e prev\u00ea regras mais apertadas para o arrendamento de curta dura\u00e7\u00e3o e prote\u00e7\u00f5es aos inquilinos.<\/strong><\/p>\n<p>A Uni\u00e3o Europeia est\u00e1 a preparar novas regras para restringir as plataformas de arrendamento de curta dura\u00e7\u00e3o, como a Airbnb e a Booking.com, como parte da sua primeira <strong>estrat\u00e9gia de habita\u00e7\u00e3o acess\u00edvel<\/strong>.<\/p>\n<p>Dan J\u00f8rgensen, o primeiro Comiss\u00e1rio da UE para a Habita\u00e7\u00e3o, disse que Bruxelas <strong>n\u00e3o podia continuar a ignorar o problema<\/strong>. \u201cSe n\u00f3s, enquanto decisores pol\u00edticos, n\u00e3o levarmos este problema a s\u00e9rio e reconhecermos que se trata de um problema social e que necessita de ac\u00e7\u00e3o, ent\u00e3o os populistas anti-UE vencer\u00e3o\u201d, disse J\u00f8rgensen ao The Guardian e a outros meios de comunica\u00e7\u00e3o europeus.<\/p>\n<p>O novo plano de habita\u00e7\u00e3o, que dever\u00e1 ser anunciado na \u00edntregra em dezembro de 2025, estava inicialmente previsto para 2026, mas foi antecipado em resposta ao que J\u00f8rgensen chamou de \u201ccrise social\u201d. O pacote ser\u00e1 uma mudan\u00e7a significativa para a UE, que tradicionalmente deixou a pol\u00edtica de habita\u00e7\u00e3o a cargo dos governos nacionais. \u201cUma das \u00e1reas em que<strong> precisamos de mais regras europeias<\/strong> \u00e9 o arrendamento de curta dura\u00e7\u00e3o\u201d, afirmou, descrevendo a quest\u00e3o como um \u201cenorme problema\u201d em muitas cidades.<\/p>\n<p>Plataformas como a Airbnb ou Booking t\u00eam sido acusadas de contribuir para aumentar as rendas e expulsar os moradores dos centros urbanos, transformando os bairros hist\u00f3ricos em dormit\u00f3rios para turistas. Em toda a UE, os <strong>pre\u00e7os das casas subiram 48%<\/strong> e as rendas 22% entre 2010 e 2023, segundo o Eurostat.<\/p>\n<p>O plano de habita\u00e7\u00e3o da UE tamb\u00e9m abordar\u00e1 a \u201cfinanceiriza\u00e7\u00e3o\u201d da habita\u00e7\u00e3o, afirmou J\u00f8rgensen, criticando a especula\u00e7\u00e3o imobili\u00e1ria que trata as casas como ativos em vez de necessidades. A Comiss\u00e3o est\u00e1 a analisar a forma como os Estados-membros podem exigir que os promotores imobili\u00e1rios<strong> construam unidades habitacionais acess\u00edveis<\/strong> e est\u00e1 a explorar a flexibiliza\u00e7\u00e3o das regras de aux\u00edlio estatal para permitir que os governos ofere\u00e7am incentivos fiscais ou subs\u00eddios para projectos de habita\u00e7\u00e3o acess\u00edvel.<\/p>\n<p>A iniciativa surge depois de a presidente da Comiss\u00e3o, Ursula von der Leyen, ter criado a pasta da habita\u00e7\u00e3o em 2024 para <strong>garantir o apoio dos socialistas<\/strong> para o seu segundo mandato. O aumento dos custos de habita\u00e7\u00e3o e do custo de vida foram as principais preocupa\u00e7\u00f5es dos eleitores nas elei\u00e7\u00f5es europeias de 2024, onde os partidos de extrema-direita e populistas tiveram grandes ganhos.<\/p>\n<p>A Comiss\u00e3o Europeia ir\u00e1 tamb\u00e9m considerar formas de <strong>refor\u00e7ar os direitos dos inquilinos<\/strong> e, possivelmente, acolher a primeira Cimeira da Habita\u00e7\u00e3o da UE, anunciou von der Leyen no m\u00eas passado. Os eurodeputados socialistas est\u00e3o ainda a tentar aprovar mais 300 mil milh\u00f5es de euros em subs\u00eddios e empr\u00e9stimos da UE para fazer face \u00e0 crise, uma proposta que dever\u00e1 enfrentar a oposi\u00e7\u00e3o de Estados-membros mais conservadores em termos fiscais.<\/p>\n<p>Estabelecendo um paralelo com a resposta coordenada da UE \u00e0 pandemia, J\u00f8rgensen afirmou que a Europa precisa novamente de agir coletivamente: \u201cTal como aconteceu com a crise da covid, quando nos encontramos em novas situa\u00e7\u00f5es, precisamos tamb\u00e9m de<strong> redefinir o papel da Uni\u00e3o Europeia<\/strong>\u201d.<\/p>\n<p>    <a href=\"https:\/\/zap.aeiou.pt\/subscrever-newsletter\" data-wpel-link=\"internal\" rel=\"nofollow noopener\" target=\"_blank\">&#13;<br \/>\n        <img loading=\"lazy\" decoding=\"async\" class=\"aligncenter size-full wp-image-575475\" src=\"https:\/\/www.europesays.com\/pt\/wp-content\/uploads\/2025\/10\/1759862234_971_2d51fe4a0ba54894421ead1809309ed9-1-450x140.jpg\" alt=\"Subscreva a Newsletter ZAP\" width=\"450\" height=\"140\"\/>&#13;<br \/>\n    <\/a><\/p>\n<p>                <a href=\"https:\/\/whatsapp.com\/channel\/0029VaIC4EE2f3EJZPPSbR34\" data-wpel-link=\"external\" target=\"_blank\" rel=\"nofollow external noopener noreferrer\" class=\"ext-link\">&#13;<br \/>\n                    <img loading=\"lazy\" decoding=\"async\" class=\"aligncenter size-full wp-image-575475\" src=\"https:\/\/www.europesays.com\/pt\/wp-content\/uploads\/2025\/10\/1759862234_512_c68c559d956d4ca20f435ed74a6e71e6.png\" alt=\"Siga-nos no WhatsApp\" width=\"175\" height=\"64\"\/>&#13;<br \/>\n                <\/a><\/p>\n<p>                <a href=\"https:\/\/news.google.com\/publications\/CAAiEHRwZondIV71PDjWNoqMduEqFAgKIhB0cGaJ3SFe9Tw41jaKjHbh?hl=en-US&amp;gl=US&amp;ceid=US%3Aen\" data-wpel-link=\"external\" target=\"_blank\" rel=\"nofollow external noopener noreferrer\" class=\"ext-link\">&#13;<br \/>\n                    <img loading=\"lazy\" decoding=\"async\" class=\"aligncenter size-full wp-image-575475\" src=\"https:\/\/www.europesays.com\/pt\/wp-content\/uploads\/2025\/10\/1759862235_242_5123dd8b087b644fdb8f8603acd1bad4.png\" alt=\"Siga-nos no Google News\" width=\"176\" height=\"64\"\/>&#13;<br \/>\n                <\/a><\/p>\n","protected":false},"excerpt":{"rendered":"Jennifer Jacquemart \/ Comiss\u00e3o Europeia \/ Wikimedia Dan J\u00f8rgensen O primeiro plano europeu de resposta \u00e0 crise na&hellip;\n","protected":false},"author":2,"featured_media":113488,"comment_status":"","ping_status":"","sticky":false,"template":"","format":"standard","meta":{"footnotes":""},"categories":[10],"tags":[27,28,15,16,456,14,25,26,21,22,12,13,19,20,4007,32,23,24,33,17,18,29,30,31,636],"class_list":{"0":"post-113487","1":"post","2":"type-post","3":"status-publish","4":"format-standard","5":"has-post-thumbnail","7":"category-portugal","8":"tag-breaking-news","9":"tag-breakingnews","10":"tag-featured-news","11":"tag-featurednews","12":"tag-habitacao","13":"tag-headlines","14":"tag-latest-news","15":"tag-latestnews","16":"tag-main-news","17":"tag-mainnews","18":"tag-news","19":"tag-noticias","20":"tag-noticias-principais","21":"tag-noticiasprincipais","22":"tag-politica-internacional","23":"tag-portugal","24":"tag-principais-noticias","25":"tag-principaisnoticias","26":"tag-pt","27":"tag-top-stories","28":"tag-topstories","29":"tag-ultimas","30":"tag-ultimas-noticias","31":"tag-ultimasnoticias","32":"tag-uniao-europeia"},"share_on_mastodon":{"url":"","error":""},"_links":{"self":[{"href":"https:\/\/www.europesays.com\/pt\/wp-json\/wp\/v2\/posts\/113487","targetHints":{"allow":["GET"]}}],"collection":[{"href":"https:\/\/www.europesays.com\/pt\/wp-json\/wp\/v2\/posts"}],"about":[{"href":"https:\/\/www.europesays.com\/pt\/wp-json\/wp\/v2\/types\/post"}],"author":[{"embeddable":true,"href":"https:\/\/www.europesays.com\/pt\/wp-json\/wp\/v2\/users\/2"}],"replies":[{"embeddable":true,"href":"https:\/\/www.europesays.com\/pt\/wp-json\/wp\/v2\/comments?post=113487"}],"version-history":[{"count":0,"href":"https:\/\/www.europesays.com\/pt\/wp-json\/wp\/v2\/posts\/113487\/revisions"}],"wp:featuredmedia":[{"embeddable":true,"href":"https:\/\/www.europesays.com\/pt\/wp-json\/wp\/v2\/media\/113488"}],"wp:attachment":[{"href":"https:\/\/www.europesays.com\/pt\/wp-json\/wp\/v2\/media?parent=113487"}],"wp:term":[{"taxonomy":"category","embeddable":true,"href":"https:\/\/www.europesays.com\/pt\/wp-json\/wp\/v2\/categories?post=113487"},{"taxonomy":"post_tag","embeddable":true,"href":"https:\/\/www.europesays.com\/pt\/wp-json\/wp\/v2\/tags?post=113487"}],"curies":[{"name":"wp","href":"https:\/\/api.w.org\/{rel}","templated":true}]}}