{"id":113489,"date":"2025-10-16T17:16:58","date_gmt":"2025-10-16T17:16:58","guid":{"rendered":"https:\/\/www.europesays.com\/pt\/113489\/"},"modified":"2025-10-16T17:16:58","modified_gmt":"2025-10-16T17:16:58","slug":"governo-promete-avaliar-a-reposicao-dos-tres-dias-de-ferias-abolidos-na-troika","status":"publish","type":"post","link":"https:\/\/www.europesays.com\/pt\/113489\/","title":{"rendered":"Governo promete avaliar a reposi\u00e7\u00e3o dos tr\u00eas dias de f\u00e9rias abolidos na troika"},"content":{"rendered":"<p>&#8220;O subs\u00eddio de refei\u00e7\u00e3o, consideramos que deve ser atualizado para um valor que propomos de 12 euros, mas numa negocia\u00e7\u00e3o tamb\u00e9m estamos dispostos a que seja 10 euros&#8221;, afirmou a presidente do Sindicato dos Quadros T\u00e9cnicos do Estado (STE), Helena Rodrigues, \u00e0 sa\u00edda da reuni\u00e3o com a secret\u00e1ria de Estado da Administra\u00e7\u00e3o P\u00fablica, Marisa Garrido, no Minist\u00e9rio das Finan\u00e7as, em Lisboa, admitindo que o aumento possa ser &#8220;faseado&#8221;.<\/p>\n<p data-remotead-prev-elm=\"true\" data-remotead-elm-id=\"inread\">A presidente do STE indicou ainda que na reuni\u00e3o com o Governo insistiu tamb\u00e9m em outras propostas que constam no caderno reivindicativo desta estrutura sindical, nomeadamente &#8220;na <strong>recupera\u00e7\u00e3o dos tr\u00eas dias de f\u00e9rias<\/strong>&#8221; abolidos na troika, tendo proposto que os funcion\u00e1rios p\u00fablicos fossem &#8220;recuperando um dia de f\u00e9rias em cada ano, at\u00e9 fazer os tais tr\u00eas dias&#8221;. O Governo &#8220;ficou de considerar&#8221; esta proposta, acrescentou Helena Rodrigues.<\/p>\n<p>Relativamente a eventuais aumentos salariais para o pr\u00f3ximo ano acima do previsto no acordo plurianual atualmente em vigor, a presidente do STE indicou que o Governo &#8220;n\u00e3o fechou&#8221; a porta &#8220;nesta reuni\u00e3o&#8221;, mas tamb\u00e9m n\u00e3o se comprometeu. &#8220;N\u00f3s acreditamos que possa ser mais qualquer coisa&#8221;, disse.<\/p>\n<p data-remotead-prev-elm=\"true\" data-remotead-elm-id=\"centro1\">O atual acordo, assinado em novembro de 2024 com duas das estruturas sindicais da Fun\u00e7\u00e3o P\u00fablica (a Fesap e Frente Sindical), prev\u00ea<strong> aumentos de 2,15%<\/strong>, com um m\u00ednimo de 56,58 euros no pr\u00f3ximo ano.<\/p>\n<p>J\u00e1 o STE, afeto \u00e0 UGT, reivindica um aumento salarial de 6,4% para todos os funcion\u00e1rios p\u00fablicos em 2026.<\/p>\n<p data-remotead-prev-elm=\"true\" data-remotead-elm-id=\"centro2\">Outra das preocupa\u00e7\u00f5es transmitidas pelo STE ao Governo diz respeito \u00e0 avalia\u00e7\u00e3o de desempenho dos funcion\u00e1rios p\u00fablicos. &#8220;Preocupa-nos aquilo que s\u00e3o as avalia\u00e7\u00f5es do SIADAP, aquilo que \u00e9 a demora dos servi\u00e7os em fazer os processos de avalia\u00e7\u00e3o&#8221; e que foi dito pelo Governo \u00e9 que est\u00e3o a fazer um trabalho junto das entidades p\u00fablicas para que esse processo seja feito o mais atempadamente poss\u00edvel&#8221;, afirmou Helena Rodrigues.<\/p>\n<p>Helena Rodrigues disse ainda ter insistido para que se baixe a taxa de desconto para ADSE, dado que considera que esta \u00e9 &#8220;muito&#8221; elevada. No caderno reivindicativo, a estrutura sindical defende uma atualiza\u00e7\u00e3o da taxa de desconto para ADSE para 2,5% em 12 meses, ao inv\u00e9s dos atuais 3,5%.<\/p>\n<p data-remotead-prev-elm=\"true\" data-remotead-elm-id=\"centro3\">A presidente do STE disse ainda que espera que na pr\u00f3xima reuni\u00e3o com o Governo, prevista para 29 de outubro, possa haver uma &#8220;abordagem mais concreta&#8221; por parte do executivo \u00e0s propostas apresentadas por esta estrutura sindical.<\/p>\n","protected":false},"excerpt":{"rendered":"&#8220;O subs\u00eddio de refei\u00e7\u00e3o, consideramos que deve ser atualizado para um valor que propomos de 12 euros, mas&hellip;\n","protected":false},"author":2,"featured_media":113490,"comment_status":"","ping_status":"","sticky":false,"template":"","format":"standard","meta":{"footnotes":""},"categories":[8],"tags":[27,28,476,15,16,22067,14,25,26,21,22,12,13,19,20,18658,32,23,24,33,6248,17,18,29,30,31],"class_list":{"0":"post-113489","1":"post","2":"type-post","3":"status-publish","4":"format-standard","5":"has-post-thumbnail","7":"category-principais-noticias","8":"tag-breaking-news","9":"tag-breakingnews","10":"tag-economia","11":"tag-featured-news","12":"tag-featurednews","13":"tag-funcao-publica","14":"tag-headlines","15":"tag-latest-news","16":"tag-latestnews","17":"tag-main-news","18":"tag-mainnews","19":"tag-news","20":"tag-noticias","21":"tag-noticias-principais","22":"tag-noticiasprincipais","23":"tag-oe2026","24":"tag-portugal","25":"tag-principais-noticias","26":"tag-principaisnoticias","27":"tag-pt","28":"tag-salarios","29":"tag-top-stories","30":"tag-topstories","31":"tag-ultimas","32":"tag-ultimas-noticias","33":"tag-ultimasnoticias"},"share_on_mastodon":{"url":"","error":""},"_links":{"self":[{"href":"https:\/\/www.europesays.com\/pt\/wp-json\/wp\/v2\/posts\/113489","targetHints":{"allow":["GET"]}}],"collection":[{"href":"https:\/\/www.europesays.com\/pt\/wp-json\/wp\/v2\/posts"}],"about":[{"href":"https:\/\/www.europesays.com\/pt\/wp-json\/wp\/v2\/types\/post"}],"author":[{"embeddable":true,"href":"https:\/\/www.europesays.com\/pt\/wp-json\/wp\/v2\/users\/2"}],"replies":[{"embeddable":true,"href":"https:\/\/www.europesays.com\/pt\/wp-json\/wp\/v2\/comments?post=113489"}],"version-history":[{"count":0,"href":"https:\/\/www.europesays.com\/pt\/wp-json\/wp\/v2\/posts\/113489\/revisions"}],"wp:featuredmedia":[{"embeddable":true,"href":"https:\/\/www.europesays.com\/pt\/wp-json\/wp\/v2\/media\/113490"}],"wp:attachment":[{"href":"https:\/\/www.europesays.com\/pt\/wp-json\/wp\/v2\/media?parent=113489"}],"wp:term":[{"taxonomy":"category","embeddable":true,"href":"https:\/\/www.europesays.com\/pt\/wp-json\/wp\/v2\/categories?post=113489"},{"taxonomy":"post_tag","embeddable":true,"href":"https:\/\/www.europesays.com\/pt\/wp-json\/wp\/v2\/tags?post=113489"}],"curies":[{"name":"wp","href":"https:\/\/api.w.org\/{rel}","templated":true}]}}