{"id":113491,"date":"2025-10-16T17:19:16","date_gmt":"2025-10-16T17:19:16","guid":{"rendered":"https:\/\/www.europesays.com\/pt\/113491\/"},"modified":"2025-10-16T17:19:16","modified_gmt":"2025-10-16T17:19:16","slug":"ana-gomes-deixa-comentarios-na-sic-noticias-observador","status":"publish","type":"post","link":"https:\/\/www.europesays.com\/pt\/113491\/","title":{"rendered":"Ana Gomes deixa coment\u00e1rios na SIC Not\u00edcias \u2013 Observador"},"content":{"rendered":"<p>Ana Gomes vai deixar de ter espa\u00e7o de coment\u00e1rios na SIC Not\u00edcias. Ao fim de 10 anos de liga\u00e7\u00e3o ao canal da Impresa, a ex-eurodeputada e ex-candidata presidencial deixa a colabora\u00e7\u00e3o no \u00e2mbito da renova\u00e7\u00e3o de comentadores que a SIC Not\u00edcias est\u00e1 a fazer nesta rentr\u00e9e.<\/p>\n<p>Bernardo Ferr\u00e3o, diretor de informa\u00e7\u00e3o da SIC e diretor da SIC Not\u00edcias, explicou ao Observador que \u201ca Ana Gomes teve com a SIC Not\u00edcias uma estreita e excelente rela\u00e7\u00e3o de quase 10 anos\u201d, mas \u201cestamos desde setembro num processo de reformula\u00e7\u00e3o dos espa\u00e7os de coment\u00e1rio e, nesse \u00e2mbito, decidimos que faria sentido, no que toca aos comentadores, repensar hor\u00e1rios, com que frequ\u00eancia, e que era altura de fazer uma renova\u00e7\u00e3o em algumas faixas hor\u00e1rias\u201d.<\/p>\n<p>Contactada pelo Observador, Ana Gomes disse estar \u201cconfort\u00e1vel\u201d com a sua sa\u00edda de antena. \u201cTudo tem o seu fim. \u00c9 o fim de um ciclo normal\u201d, por isso, \u201co atual momento n\u00e3o me surpreende\u201d, mas afasta qualquer liga\u00e7\u00e3o pol\u00edtica em rela\u00e7\u00e3o \u00e0 decis\u00e3o.<\/p>\n<p>A SIC Not\u00edcias est\u00e1 a reformular a sua programa\u00e7\u00e3o e o seu painel de comentadores. <a href=\"https:\/\/observador.pt\/2025\/10\/13\/antonio-vitorino-vai-ter-programa-na-sic-noticias-a-partir-de-novembro\/\" rel=\"nofollow noopener\" target=\"_blank\">Tal como o Observador j\u00e1 tinha noticiado<\/a>, Ant\u00f3nio Vitorino, ex-ministro e ex-comiss\u00e1rio europeu ligado ao PS, vai ter um programa pr\u00f3prio a partir de novembro.<\/p>\n<blockquote class=\"wp-embedded-content\" data-secret=\"tFQg0aPPUA\">\n<p><a href=\"https:\/\/observador.pt\/2025\/10\/13\/antonio-vitorino-vai-ter-programa-na-sic-noticias-a-partir-de-novembro\/\" rel=\"nofollow noopener\" target=\"_blank\">Ant\u00f3nio Vitorino vai ter programa na SIC Not\u00edcias a partir de novembro<\/a><\/p>\n<\/blockquote>\n<p>Bernardo Ferr\u00e3o explica ao Observador isso mesmo: \u201cA SIC Not\u00edcias est\u00e1 a fazer nesta rentr\u00e9e uma renova\u00e7\u00e3o dos seus comentadores, com o mais recente exemplo da entrada de Ant\u00f3nio Vitorino \u2014 que estreia em novembro \u2014 ou ainda Carlos Guimar\u00e3es Pinto, Francisco Guimar\u00e3es e Pedro Henriques. Essa renova\u00e7\u00e3o passa por algumas sa\u00eddas, nomeadamente Ana Gomes, ao fim de quase dez anos de uma estreita e excelente rela\u00e7\u00e3o\u201d.<\/p>\n<p>No \u00e2mbito da renova\u00e7\u00e3o j\u00e1 tinham sa\u00eddo recentemente Jorge Baptista, Duarte Gomes e Olivier Bonamici.<\/p>\n<p>Nos novos programas surgiu j\u00e1 o \u201cTorto e Direito\u201d com Miguel Morgado e o lan\u00e7amento de \u201cCasos de Pol\u00edcia\u201d ao fim de semana. \u00c9 no \u00e2mbito desta nova grelha que entrar\u00e1, durante a semana (mas em dia ainda n\u00e3o determinado), o programa de Ant\u00f3nio Vitorino. Bernardo Ferr\u00e3o garante que \u201cessa renova\u00e7\u00e3o vai continuar e passar\u00e1 por outros hor\u00e1rios decisivos de segunda a sexta e no fim de-semana\u201d.<\/p>\n","protected":false},"excerpt":{"rendered":"Ana Gomes vai deixar de ter espa\u00e7o de coment\u00e1rios na SIC Not\u00edcias. Ao fim de 10 anos de&hellip;\n","protected":false},"author":2,"featured_media":113492,"comment_status":"","ping_status":"","sticky":false,"template":"","format":"standard","meta":{"footnotes":""},"categories":[145],"tags":[211,210,114,115,715,302,32,33,58,2671],"class_list":{"0":"post-113491","1":"post","2":"type-post","3":"status-publish","4":"format-standard","5":"has-post-thumbnail","7":"category-celebridades","8":"tag-celebridades","9":"tag-celebrities","10":"tag-entertainment","11":"tag-entretenimento","12":"tag-media","13":"tag-polu00edtica","14":"tag-portugal","15":"tag-pt","16":"tag-sociedade","17":"tag-televisu00e3o"},"share_on_mastodon":{"url":"","error":""},"_links":{"self":[{"href":"https:\/\/www.europesays.com\/pt\/wp-json\/wp\/v2\/posts\/113491","targetHints":{"allow":["GET"]}}],"collection":[{"href":"https:\/\/www.europesays.com\/pt\/wp-json\/wp\/v2\/posts"}],"about":[{"href":"https:\/\/www.europesays.com\/pt\/wp-json\/wp\/v2\/types\/post"}],"author":[{"embeddable":true,"href":"https:\/\/www.europesays.com\/pt\/wp-json\/wp\/v2\/users\/2"}],"replies":[{"embeddable":true,"href":"https:\/\/www.europesays.com\/pt\/wp-json\/wp\/v2\/comments?post=113491"}],"version-history":[{"count":0,"href":"https:\/\/www.europesays.com\/pt\/wp-json\/wp\/v2\/posts\/113491\/revisions"}],"wp:featuredmedia":[{"embeddable":true,"href":"https:\/\/www.europesays.com\/pt\/wp-json\/wp\/v2\/media\/113492"}],"wp:attachment":[{"href":"https:\/\/www.europesays.com\/pt\/wp-json\/wp\/v2\/media?parent=113491"}],"wp:term":[{"taxonomy":"category","embeddable":true,"href":"https:\/\/www.europesays.com\/pt\/wp-json\/wp\/v2\/categories?post=113491"},{"taxonomy":"post_tag","embeddable":true,"href":"https:\/\/www.europesays.com\/pt\/wp-json\/wp\/v2\/tags?post=113491"}],"curies":[{"name":"wp","href":"https:\/\/api.w.org\/{rel}","templated":true}]}}