{"id":113493,"date":"2025-10-16T17:21:15","date_gmt":"2025-10-16T17:21:15","guid":{"rendered":"https:\/\/www.europesays.com\/pt\/113493\/"},"modified":"2025-10-16T17:21:15","modified_gmt":"2025-10-16T17:21:15","slug":"livro-que-converte-diarias-em-historias-e-hospedes-em-fas","status":"publish","type":"post","link":"https:\/\/www.europesays.com\/pt\/113493\/","title":{"rendered":"Livro que converte di\u00e1rias em hist\u00f3rias e h\u00f3spedes em f\u00e3s"},"content":{"rendered":"<p class=\"has-ast-global-color-0-color has-text-color has-link-color wp-elements-7e80e5c3dfeedad23934e26a84358d9b\">O llivro \u2018Marketing d\u00ea Sentidos\u2019, de Renata Freire gera experi\u00eancias ou de apresentar cases de hot\u00e9is famosos<\/p>\n<p><strong>Artigo de Daniel de Carvalho<\/strong>* \u2013 Como um hoteleiro consegue planejar experi\u00eancias? Momentos especiais em hot\u00e9is, ao longo da minha vida, sempre tinham sido t\u00e3o \u00edntimos que eu n\u00e3o conseguia sequer imaginar como um terceiro poderia premedit\u00e1-los e escal\u00e1-los, por assim dizer, para v\u00e1rias pessoas. Essa capacidade parecia ser um dom, exercido de improviso e ao acaso.<\/p>\n<p>Publicidade<\/p>\n<p>  <a href=\"https:\/\/links.revistahoteis.com.br\/ramontina\" rel=\"nofollow noopener\" target=\"_blank\" class=\"wp-al-banner-link\" data-wp-al-banner=\"172316\" data-wp-al-banner-title=\"Tramontina\"><br \/>\n    <img decoding=\"async\" alt=\"Tramontina\" src=\"https:\/\/www.europesays.com\/pt\/wp-content\/uploads\/2025\/10\/Banner-da-Tramontina-de-agosto.gif\" class=\"al-banner-main \"\/><br \/>\n      <\/a><\/p>\n<p>Pois \u00e9\u2026 foi a primeira coisa que o livro \u2018Marketing d\u00ea Sentidos\u2019, de Renata Freire, fez desabar da minha cabe\u00e7a, com uma eloqu\u00eancia po\u00e9tica digna de todos os elogios. Sabe como?<\/p>\n<p>Com\u2026<\/p>\n<p class=\"has-ast-global-color-0-color has-text-color has-link-color has-medium-font-size wp-elements-f34890d001bb9b47c225d1b3474c5b02\"><strong>Um m\u00e9todo que pode ser replicado<\/strong><\/p>\n<p>Mais do que afirmar a import\u00e2ncia de gerar experi\u00eancias ou de apresentar cases de hot\u00e9is famosos, o livro apresenta um m\u00e9todo. Renata Freire criou o Marketing d\u00ea Sentidos fundado nos cinco sentidos humanos (vis\u00e3o, audi\u00e7\u00e3o, tato, olfato e paladar) e nos sete pecados capitais (Vaidade, Avareza, Lux\u00faria, Ira, Gula, Inveja e Pregui\u00e7a); fundamentando-o com a neuroci\u00eancia. Conectando tais fontes, ela guia o leitor pelos mist\u00e9rios do sentir, pensar, desejar e escolher.<\/p>\n<p>Publicidade<\/p>\n<p>  <a href=\"https:\/\/links.revistahoteis.com.br\/hotelstream\" rel=\"nofollow noopener\" target=\"_blank\" class=\"wp-al-banner-link\" data-wp-al-banner=\"142772\" data-wp-al-banner-title=\"Clima ao Vivo\"><br \/>\n    <img decoding=\"async\" alt=\"Clima ao Vivo\" src=\"https:\/\/www.europesays.com\/pt\/wp-content\/uploads\/2025\/10\/Banner-Clima-ao-Vivo.gif\" class=\"al-banner-main \"\/><br \/>\n      <\/a><\/p>\n<p>\u2022 Os sete pecados capitais servem como \u00f3culos, que nos permitem enxergar as emo\u00e7\u00f5es humanas com mais nitidez;<\/p>\n<p>\u2022 Os cinco sentidos revelam-se como ferramentas para desencadear e conduzir essas emo\u00e7\u00f5es;<\/p>\n<p>\u2022 O conhecimento dos neurotransmissores proporcionado pela neuroci\u00eancia sustenta e aprofunda o nexo entre essas duas funda\u00e7\u00f5es do m\u00e9todo.<\/p>\n<p>A metodologia est\u00e1 ali, como uma estrada livre. Cabe \u00e0 sensibilidade e \u00e0 criatividade o papel de percorr\u00ea-la. Por isso, fica mais f\u00e1cil preparar as experi\u00eancias certas para cada etapa da estada e, assim, desbloquear todo o potencial que o seu hotel tem de tocar profundamente as pessoas.<\/p>\n<p><a class=\"\" href=\"https:\/\/www.europesays.com\/pt\/wp-content\/uploads\/2025\/10\/Renata-Freire.jpg\" target=\"\" rel=\"noopener\"><img decoding=\"async\"   src=\"https:\/\/www.europesays.com\/pt\/wp-content\/uploads\/2025\/10\/Renata-Freire.jpg\" alt=\"\" class=\"uag-image-174004\" width=\"300\" height=\"457\" title=\"Renata Freire\" loading=\"lazy\" role=\"img\"\/><\/a>Renata Freire usa uma linguagem de f\u00e1cil entendimento nesse livro \u2013 Foto \u2013 Divulga\u00e7\u00e3o<\/p>\n<p class=\"has-ast-global-color-0-color has-text-color has-link-color has-medium-font-size wp-elements-1841cbe7406f410640971fa5b1b1aadb\"><strong>A melhor parte? O livro tem..<\/strong>.<\/p>\n<p>Uma linguagem que convida. Ele \u00e9 coeso. A escrita \u00e9 leve e elegante. Entretanto, saiba que \u00e9 o tom que faz dessa pe\u00e7a algo diferente\u2026 Ele \u00e9 envolvente e extremamente apropriado ao conte\u00fado. Se voc\u00ea tem prefer\u00eancia por uma linguagem mais t\u00e9cnica, talvez tenha alguma dificuldade.<\/p>\n<p>Publicidade<\/p>\n<p>  <a href=\"https:\/\/links.revistahoteis.com.br\/feira\" rel=\"nofollow noopener\" target=\"_blank\" class=\"wp-al-banner-link\" data-wp-al-banner=\"171619\" data-wp-al-banner-title=\"HFN\"><br \/>\n    <img decoding=\"async\" alt=\"HFN\" src=\"https:\/\/www.europesays.com\/pt\/wp-content\/uploads\/2025\/10\/Banner-da-HFN.gif\" class=\"al-banner-main \"\/><br \/>\n      <\/a><\/p>\n<p>Mas haver\u00e1 de concordar que a ousadia fez do livro uma obra aut\u00eantica. \u00a0A escritora tamb\u00e9m foi proativa. Optou por n\u00e3o parar s\u00f3 na apresenta\u00e7\u00e3o do Marketing d\u00ea Sentidos, mas tamb\u00e9m por oferecer ferramentas que o complementam. Destaco os cap\u00edtulos sobre storytelling e marketing digital. Primorosos!<\/p>\n<p class=\"has-ast-global-color-0-color has-text-color has-link-color has-medium-font-size wp-elements-0830c6121467973714f437f33c78ec9f\"><strong>Mas para quem \u00e9 o Marketing d\u00ea Sentidos?<\/strong><\/p>\n<p>O m\u00e9todo de Renata Freire atender\u00e1 perfeitamente qualquer hospedagem que lide com h\u00f3spedes exigentes, tais como hot\u00e9is boutique, hot\u00e9is autorais, hot\u00e9is de charme etc. Embora o classifique assim, aposto que qualquer hoteleiro poder\u00e1 encontrar uma aplica\u00e7\u00e3o poss\u00edvel no seu meio de hospedagem, seja ele qual for. O que encontrei naquelas p\u00e1ginas pode transformar o servi\u00e7o de qualquer um dos nossos clientes aqui da RL Carvalho Hospitalidade. E \u00e9 por isso que eu as recomendo.<\/p>\n<p>Publicidade<\/p>\n<p>  <a href=\"https:\/\/links.revistahoteis.com.br\/carbonofree\" rel=\"nofollow noopener\" target=\"_blank\" class=\"wp-al-banner-link\" data-wp-al-banner=\"158776\" data-wp-al-banner-title=\"Carbono Free\"><br \/>\n    <img decoding=\"async\" alt=\"Carbono Free\" src=\"https:\/\/www.europesays.com\/pt\/wp-content\/uploads\/2025\/10\/Banner-Carbono-Free.gif\" class=\"al-banner-main \"\/><br \/>\n      <\/a><\/p>\n<p class=\"has-ast-global-color-0-color has-text-color has-link-color has-medium-font-size wp-elements-24f266dccfff8b3da6ba00f9fde425b8\"><strong>O ponto de vista de uma gera\u00e7\u00e3o<\/strong><\/p>\n<p>Sou um integrante da gera\u00e7\u00e3o Z. Aquela que todos est\u00e3o tentando perfilar e entender. Se me perguntar o que eu quero em um hotel, vou te dizer: exatamente aquilo que Marketing d\u00ea Sentidos prop\u00f5e produzir. Quero conhecer lugares com alma. Lugares que tenham mais do que souvenires para oferecer. Lugares de onde eu possa levar hist\u00f3rias.<\/p>\n<p>Nas minhas viagens, eu quero boas-vindas que me fa\u00e7am sentir importante e um banho com amenities que me surpreendam. Quero experimentar um doce local e saber a hist\u00f3ria por tr\u00e1s dele. Quero descobrir que posso ter um \u00f3timo caf\u00e9 da manh\u00e3\u2026 na minha cama. Trata-se de promover momentos que conversem com quem somos. Afinal, voc\u00ea quer sentir que aquele lugar \u00e9 seu, que \u00e9 para voc\u00ea, que \u00e9 \u00fanico. Porque identifica\u00e7\u00e3o \u00e9 pertencimento. E quem pertence vira um f\u00e3. \u00a0A gera\u00e7\u00e3o Z quer mesmo sentir. Por isso, Marketing d\u00ea Sentidos est\u00e1 absolutamente correto ao declarar que \u201cSentir \u00e9 o novo marketing\u201d.<\/p>\n<p class=\"has-ast-global-color-0-color has-text-color has-link-color wp-elements-cb90bb8c3de9a0ff651f287bbb6c0d61\">*<strong>Daniel de Carvalho<\/strong> \u00e9 Propriet\u00e1rio e Representante da RL Carvalho Hospitalidade, escrit\u00f3rio de representa\u00e7\u00e3o comercial 100% focado em hotelaria, com atua\u00e7\u00e3o crescente no Paran\u00e1 e Santa Catarina.<\/p>\n<p>Publicidade<\/p>\n<p>  <a href=\"https:\/\/links.revistahoteis.com.br\/esbravador\" rel=\"nofollow noopener\" target=\"_blank\" class=\"wp-al-banner-link\" data-wp-al-banner=\"168365\" data-wp-al-banner-title=\"Desbravador\"><br \/>\n    <img decoding=\"async\" alt=\"Desbravador\" src=\"https:\/\/www.europesays.com\/pt\/wp-content\/uploads\/2025\/10\/Banner-da-Desbravador-de-Junho.gif\" class=\"al-banner-main \"\/><br \/>\n      <\/a><\/p>\n","protected":false},"excerpt":{"rendered":"O llivro \u2018Marketing d\u00ea Sentidos\u2019, de Renata Freire gera experi\u00eancias ou de apresentar cases de hot\u00e9is famosos Artigo&hellip;\n","protected":false},"author":2,"featured_media":113494,"comment_status":"","ping_status":"","sticky":false,"template":"","format":"standard","meta":{"footnotes":""},"categories":[143],"tags":[169,114,115,170,32,33],"class_list":{"0":"post-113493","1":"post","2":"type-post","3":"status-publish","4":"format-standard","5":"has-post-thumbnail","7":"category-livros","8":"tag-books","9":"tag-entertainment","10":"tag-entretenimento","11":"tag-livros","12":"tag-portugal","13":"tag-pt"},"share_on_mastodon":{"url":"","error":""},"_links":{"self":[{"href":"https:\/\/www.europesays.com\/pt\/wp-json\/wp\/v2\/posts\/113493","targetHints":{"allow":["GET"]}}],"collection":[{"href":"https:\/\/www.europesays.com\/pt\/wp-json\/wp\/v2\/posts"}],"about":[{"href":"https:\/\/www.europesays.com\/pt\/wp-json\/wp\/v2\/types\/post"}],"author":[{"embeddable":true,"href":"https:\/\/www.europesays.com\/pt\/wp-json\/wp\/v2\/users\/2"}],"replies":[{"embeddable":true,"href":"https:\/\/www.europesays.com\/pt\/wp-json\/wp\/v2\/comments?post=113493"}],"version-history":[{"count":0,"href":"https:\/\/www.europesays.com\/pt\/wp-json\/wp\/v2\/posts\/113493\/revisions"}],"wp:featuredmedia":[{"embeddable":true,"href":"https:\/\/www.europesays.com\/pt\/wp-json\/wp\/v2\/media\/113494"}],"wp:attachment":[{"href":"https:\/\/www.europesays.com\/pt\/wp-json\/wp\/v2\/media?parent=113493"}],"wp:term":[{"taxonomy":"category","embeddable":true,"href":"https:\/\/www.europesays.com\/pt\/wp-json\/wp\/v2\/categories?post=113493"},{"taxonomy":"post_tag","embeddable":true,"href":"https:\/\/www.europesays.com\/pt\/wp-json\/wp\/v2\/tags?post=113493"}],"curies":[{"name":"wp","href":"https:\/\/api.w.org\/{rel}","templated":true}]}}