{"id":113505,"date":"2025-10-16T17:29:19","date_gmt":"2025-10-16T17:29:19","guid":{"rendered":"https:\/\/www.europesays.com\/pt\/113505\/"},"modified":"2025-10-16T17:29:19","modified_gmt":"2025-10-16T17:29:19","slug":"estudo-europeu-mercado-portugues-da-habitacao-entre-os-mais-caros","status":"publish","type":"post","link":"https:\/\/www.europesays.com\/pt\/113505\/","title":{"rendered":"Estudo europeu. Mercado portugu\u00eas da habita\u00e7\u00e3o entre os mais caros"},"content":{"rendered":"<p>                    Entre os problemas apresentados est\u00e3o os pre\u00e7os das casas e o aumento que elas tiveram ao longo de dez anos, assim como na parte do rendimento que ela leva a quem vive e trabalha.<br \/>\n          <img decoding=\"async\" itemprop=\"image\" class=\"img-fluid\"   src=\"https:\/\/www.europesays.com\/pt\/wp-content\/uploads\/2025\/10\/1760635759_657_bg_playeraudio_5.jpg\"\/><\/p>\n<p>Este relat\u00f3rio da Comiss\u00e3o Europeia tamb\u00e9m faz algumas recomenda\u00e7\u00f5es: controlar as rendas, limitar o alojamento local e reutilizar imoveis que est\u00e3o desocupados, p\u00fablicos e privados.<\/p>\n","protected":false},"excerpt":{"rendered":"Entre os problemas apresentados est\u00e3o os pre\u00e7os das casas e o aumento que elas tiveram ao longo de&hellip;\n","protected":false},"author":2,"featured_media":113506,"comment_status":"","ping_status":"","sticky":false,"template":"","format":"standard","meta":{"footnotes":""},"categories":[83],"tags":[88,89,90,13,32,33,420,421],"class_list":{"0":"post-113505","1":"post","2":"type-post","3":"status-publish","4":"format-standard","5":"has-post-thumbnail","7":"category-empresas","8":"tag-business","9":"tag-economy","10":"tag-empresas","11":"tag-noticias","12":"tag-portugal","13":"tag-pt","14":"tag-rtp","15":"tag-rtp-noticias"},"share_on_mastodon":{"url":"","error":""},"_links":{"self":[{"href":"https:\/\/www.europesays.com\/pt\/wp-json\/wp\/v2\/posts\/113505","targetHints":{"allow":["GET"]}}],"collection":[{"href":"https:\/\/www.europesays.com\/pt\/wp-json\/wp\/v2\/posts"}],"about":[{"href":"https:\/\/www.europesays.com\/pt\/wp-json\/wp\/v2\/types\/post"}],"author":[{"embeddable":true,"href":"https:\/\/www.europesays.com\/pt\/wp-json\/wp\/v2\/users\/2"}],"replies":[{"embeddable":true,"href":"https:\/\/www.europesays.com\/pt\/wp-json\/wp\/v2\/comments?post=113505"}],"version-history":[{"count":0,"href":"https:\/\/www.europesays.com\/pt\/wp-json\/wp\/v2\/posts\/113505\/revisions"}],"wp:featuredmedia":[{"embeddable":true,"href":"https:\/\/www.europesays.com\/pt\/wp-json\/wp\/v2\/media\/113506"}],"wp:attachment":[{"href":"https:\/\/www.europesays.com\/pt\/wp-json\/wp\/v2\/media?parent=113505"}],"wp:term":[{"taxonomy":"category","embeddable":true,"href":"https:\/\/www.europesays.com\/pt\/wp-json\/wp\/v2\/categories?post=113505"},{"taxonomy":"post_tag","embeddable":true,"href":"https:\/\/www.europesays.com\/pt\/wp-json\/wp\/v2\/tags?post=113505"}],"curies":[{"name":"wp","href":"https:\/\/api.w.org\/{rel}","templated":true}]}}