{"id":113517,"date":"2025-10-16T17:38:09","date_gmt":"2025-10-16T17:38:09","guid":{"rendered":"https:\/\/www.europesays.com\/pt\/113517\/"},"modified":"2025-10-16T17:38:09","modified_gmt":"2025-10-16T17:38:09","slug":"documentario-amora-narra-transformacao-em-vila-de-sp-15-10-2025-cinema","status":"publish","type":"post","link":"https:\/\/www.europesays.com\/pt\/113517\/","title":{"rendered":"Document\u00e1rio &#8216;Amora&#8217; narra transforma\u00e7\u00e3o em vila de SP &#8211; 15\/10\/2025 &#8211; Cinema"},"content":{"rendered":"<p>Em 2006, moradores de um conjunto de nove casas dos anos 1920 e 1930 na <a href=\"https:\/\/guia.folha.uol.com.br\/passeios\/2025\/10\/alem-da-bienal-vila-mariana-oferece-passeios-culturais-por-museus-e-galerias.shtml\" rel=\"nofollow noopener\" target=\"\">Vila Mariana<\/a>, em S\u00e3o Paulo, enviaram ao Conpresp (Conselho Municipal de Preserva\u00e7\u00e3o do Patrim\u00f4nio Hist\u00f3rico) um pedido para que o local fosse tombado.<\/p>\n<p>Nada foi feito. A vila na av. Conselheiro Rodrigues Alves estava prestes a ser demolida em 2019, quando o Conpresp, enfim, abriu o processo. A vota\u00e7\u00e3o do caso aconteceria em agosto, seis anos depois da abertura, mas o tema foi retirado da pauta. <a href=\"https:\/\/www1.folha.uol.com.br\/blogs\/andancas-na-metropole\/2025\/10\/conjunto-historico-de-sobrados-na-vila-mariana-esta-no-limbo.shtml\" rel=\"nofollow noopener\" target=\"\">O espa\u00e7o segue vazio, protegido por um tapume.<\/a><\/p>\n<p>Essa \u00e9 uma forma objetiva e sucinta de contar essa hist\u00f3ria, que se desenrola h\u00e1 duas d\u00e9cadas. Uma outra maneira, de tom afetivo, est\u00e1 em &#8220;Amora&#8221;, um dos destaques entre os <a href=\"https:\/\/guia.folha.uol.com.br\/cinema\/2025\/10\/mostra-tem-filmes-brasileiros-com-dramas-cotidianos-vampiros-e-fim-do-mundo.shtml\" rel=\"nofollow noopener\" target=\"\">document\u00e1rios brasileiros da Mostra<\/a>.<\/p>\n<p>O filme \u00e9 dirigido por Ana Petta, cuja fam\u00edlia foi a \u00faltima a deixar a vila. O lamento pela iminente destrui\u00e7\u00e3o do lugar, com quase 50 \u00e1rvores, entre elas, uma amoreira, e os movimentos em torno da preserva\u00e7\u00e3o s\u00e3o apresentados pelo ponto de vista dos filhos da cineasta e atriz. \u00c9 por meio de Maria, 10, e principalmente de Pedro, de 4 anos, que acompanhamos esses momentos de resist\u00eancia dos moradores.<\/p>\n<p>Pedro surge diante da c\u00e2mera com uma naturalidade surpreendente. Ele inventa palavras, cria brincadeiras no quintal e, ao seu modo carism\u00e1tico, defende que a vila seja mantida de p\u00e9. Ana Petta acerta ao dar ao ca\u00e7ula a representa\u00e7\u00e3o da mem\u00f3ria, um valor historicamente desconsiderado na cidade de S\u00e3o Paulo. Em Pedro, o passado se une ao que est\u00e1 por vir.<\/p>\n<p>Ao lado de sua irm\u00e3, a m\u00e9dica Helena, Ana lan\u00e7ou h\u00e1 tr\u00eas anos &#8220;Quando Falta o Ar&#8221;, document\u00e1rio que mostra o trabalho de profissionais de sa\u00fade no combate \u00e0 pandemia da Covid-19. O filme foi vencedor da competi\u00e7\u00e3o brasileira do festival \u00c9 Tudo Verdade de 2022. <\/p>\n<p>A diretora demonstra sensibilidade na transi\u00e7\u00e3o de um retrato mais amplo da realidade brasileira para um registro \u00edntimo de um epis\u00f3dio paulistano. Essa qualidade fica evidente, por exemplo, no modo como filma Pedro. Ela exp\u00f5e o magnetismo do garoto sem jamais vulgarizar a presen\u00e7a dele. <\/p>\n<p>Esse talento, unido ao cuidado, n\u00e3o a protege completamente de trope\u00e7os de outra ordem. Um deles \u00e9 inserir uma cena em que Pedro p\u00f5e pra tocar &#8220;Homem Primata&#8221; em meio \u00e0 preocupa\u00e7\u00e3o sobre a derrubada da vila. &#8220;Eu n\u00e3o sabia \/ que o homem criava \/ e tamb\u00e9m destru\u00eda&#8221; s\u00e3o alguns dos versos dos <a href=\"https:\/\/www1.folha.uol.com.br\/folha-topicos\/titas\/\" rel=\"nofollow noopener\" target=\"_blank\">Tit\u00e3s<\/a>. N\u00e3o \u00e9 sem sentido associar a m\u00fasica com o descaso em rela\u00e7\u00e3o \u00e0 mem\u00f3ria arquitet\u00f4nica, o problema \u00e9 que esse recurso resulta \u00f3bvio demais. <\/p>\n<p>\u00c9, por\u00e9m, uma falha pontual, algo menor diante dos trunfos de &#8220;Amora&#8221;.<\/p>\n<p><strong>Amora<\/strong><br \/>&#13;<br \/>\nDias 16, \u00e0s 21h30 (Espa\u00e7o Petrobras 1); e 21, \u00e0s 15h (Cinesesc). Livre<\/p>\n","protected":false},"excerpt":{"rendered":"Em 2006, moradores de um conjunto de nove casas dos anos 1920 e 1930 na Vila Mariana, em&hellip;\n","protected":false},"author":2,"featured_media":113518,"comment_status":"","ping_status":"","sticky":false,"template":"","format":"standard","meta":{"footnotes":""},"categories":[140],"tags":[207,470,114,115,147,148,761,5267,25430,146,32,33],"class_list":{"0":"post-113517","1":"post","2":"type-post","3":"status-publish","4":"format-standard","5":"has-post-thumbnail","7":"category-filmes","8":"tag-arte","9":"tag-cinema","10":"tag-entertainment","11":"tag-entretenimento","12":"tag-film","13":"tag-filmes","14":"tag-guia-folha","15":"tag-mostra-de-cinema","16":"tag-mostra-de-cinema-de-sp","17":"tag-movies","18":"tag-portugal","19":"tag-pt"},"share_on_mastodon":{"url":"","error":""},"_links":{"self":[{"href":"https:\/\/www.europesays.com\/pt\/wp-json\/wp\/v2\/posts\/113517","targetHints":{"allow":["GET"]}}],"collection":[{"href":"https:\/\/www.europesays.com\/pt\/wp-json\/wp\/v2\/posts"}],"about":[{"href":"https:\/\/www.europesays.com\/pt\/wp-json\/wp\/v2\/types\/post"}],"author":[{"embeddable":true,"href":"https:\/\/www.europesays.com\/pt\/wp-json\/wp\/v2\/users\/2"}],"replies":[{"embeddable":true,"href":"https:\/\/www.europesays.com\/pt\/wp-json\/wp\/v2\/comments?post=113517"}],"version-history":[{"count":0,"href":"https:\/\/www.europesays.com\/pt\/wp-json\/wp\/v2\/posts\/113517\/revisions"}],"wp:featuredmedia":[{"embeddable":true,"href":"https:\/\/www.europesays.com\/pt\/wp-json\/wp\/v2\/media\/113518"}],"wp:attachment":[{"href":"https:\/\/www.europesays.com\/pt\/wp-json\/wp\/v2\/media?parent=113517"}],"wp:term":[{"taxonomy":"category","embeddable":true,"href":"https:\/\/www.europesays.com\/pt\/wp-json\/wp\/v2\/categories?post=113517"},{"taxonomy":"post_tag","embeddable":true,"href":"https:\/\/www.europesays.com\/pt\/wp-json\/wp\/v2\/tags?post=113517"}],"curies":[{"name":"wp","href":"https:\/\/api.w.org\/{rel}","templated":true}]}}