{"id":113529,"date":"2025-10-16T17:45:22","date_gmt":"2025-10-16T17:45:22","guid":{"rendered":"https:\/\/www.europesays.com\/pt\/113529\/"},"modified":"2025-10-16T17:45:22","modified_gmt":"2025-10-16T17:45:22","slug":"chagas-freitas-doa-10-mil-euros-a-hospital-pediatrico-onde-o-filho-foi-tratado","status":"publish","type":"post","link":"https:\/\/www.europesays.com\/pt\/113529\/","title":{"rendered":"Chagas Freitas doa 10 mil euros a hospital pedi\u00e1trico onde o filho foi tratado"},"content":{"rendered":"<p>Pedro Chagas Freitas transformou uma experi\u00eancia dif\u00edcil em gesto de solidariedade. O escritor, cujo filho Benjamim esteve internado no Hospital Pedi\u00e1trico de Coimbra em 2024 devido a um grave problema de sa\u00fade que exigiu um transplante de f\u00edgado, decidiu doar mais de 10 mil euros em material \u00e0 institui\u00e7\u00e3o.<\/p>\n<p data-remotead-prev-elm=\"true\" data-remotead-elm-id=\"inread\">A verba resulta da venda do seu livro &#8220;O Rei Tig\u00e3o&#8221;, cujos direitos de autor foram integralmente destinados \u00e0 causa. Nas redes sociais, Pedro detalhou a lista de equipamentos: &#8220;Carrinhos de beb\u00e9, sof\u00e1s-cama, mesas de apoio, espregui\u00e7adeiras, carrinhos para dar banho, torres para transporte de soro e de medica\u00e7\u00e3o, balan\u00e7as, televis\u00f5es, microondas, camas dobr\u00e1veis &#8211; \u00e9 isto, e ainda mais, o que vamos oferecer&#8221;.<\/p>\n<p>O autor sublinha que se trata de um gesto coletivo: &#8220;Este dinheiro n\u00e3o \u00e9 meu. \u00c9 de cada pessoa que comprou &#8216;O Rei Tig\u00e3o&#8217;. Foram os leitores que fizeram esta doa\u00e7\u00e3o. Eu carreguei a hist\u00f3ria, voc\u00eas carregaram o gesto&#8221;.<\/p>\n<p>Solidariedade que nasce da experi\u00eancia pessoal<\/p>\n<p data-remotead-prev-elm=\"true\" data-remotead-elm-id=\"centro1\">Pedro Chagas Freitas recorda com emo\u00e7\u00e3o o tempo em que o filho esteve hospitalizado. &#8220;Naquele hospital fomos tratados como reis. Que feliz fico por podermos dar de volta o que conseguimos dar. Dar a quem se deu tanto ao nosso filho \u00e9 a melhor forma de receber&#8221;, escreveu.<\/p>\n<p>O escritor explica que a doa\u00e7\u00e3o visa apoiar tanto as crian\u00e7as como os pais que passam noites no hospital: &#8220;Quem passa dias e noites num hospital com um filho internado precisa de conforto, de dignidade, de ter onde encostar as costas, de ter onde chorar em paz, de um canto que lembre vagamente a palavra &#8216;casa&#8217;. \u00c0s vezes, basta uma cadeira que reclina, uma televis\u00e3o acesa, uma cama dobr\u00e1vel, uma ch\u00e1vena quente a meio da madrugada para fabricar esperan\u00e7a&#8221;.<\/p>\n<p data-remotead-prev-elm=\"true\" data-remotead-elm-id=\"centro2\">A entrega do material est\u00e1 marcada para o pr\u00f3ximo domingo, 19 de outubro, \u00e0s 14 horas, numa sess\u00e3o que Pedro quer transformar num momento de alegria. &#8220;Quero que esta sess\u00e3o seja mais do que uma entrega simb\u00f3lica. A alegria, quando entra num hospital, abre caminho, vai contra o medo. Quero transformar o hospital no verdadeiro &#8216;Hospital de Alfaces'&#8221;, concluiu. A a\u00e7\u00e3o conta com o apoio da associa\u00e7\u00e3o Hepaturix, dedicada ao apoio a crian\u00e7as com doen\u00e7as hep\u00e1ticas.<\/p>\n","protected":false},"excerpt":{"rendered":"Pedro Chagas Freitas transformou uma experi\u00eancia dif\u00edcil em gesto de solidariedade. O escritor, cujo filho Benjamim esteve internado&hellip;\n","protected":false},"author":2,"featured_media":113530,"comment_status":"","ping_status":"","sticky":false,"template":"","format":"standard","meta":{"footnotes":""},"categories":[10],"tags":[27,28,1911,13817,15,16,14,26724,25,26,237,21,22,12,13,19,20,8273,32,23,24,33,17,18,29,30,31],"class_list":{"0":"post-113529","1":"post","2":"type-post","3":"status-publish","4":"format-standard","5":"has-post-thumbnail","7":"category-portugal","8":"tag-breaking-news","9":"tag-breakingnews","10":"tag-coimbra","11":"tag-doacao","12":"tag-featured-news","13":"tag-featurednews","14":"tag-headlines","15":"tag-hospital-pediatrico","16":"tag-latest-news","17":"tag-latestnews","18":"tag-livro","19":"tag-main-news","20":"tag-mainnews","21":"tag-news","22":"tag-noticias","23":"tag-noticias-principais","24":"tag-noticiasprincipais","25":"tag-pedro-chagas-freitas","26":"tag-portugal","27":"tag-principais-noticias","28":"tag-principaisnoticias","29":"tag-pt","30":"tag-top-stories","31":"tag-topstories","32":"tag-ultimas","33":"tag-ultimas-noticias","34":"tag-ultimasnoticias"},"share_on_mastodon":{"url":"","error":""},"_links":{"self":[{"href":"https:\/\/www.europesays.com\/pt\/wp-json\/wp\/v2\/posts\/113529","targetHints":{"allow":["GET"]}}],"collection":[{"href":"https:\/\/www.europesays.com\/pt\/wp-json\/wp\/v2\/posts"}],"about":[{"href":"https:\/\/www.europesays.com\/pt\/wp-json\/wp\/v2\/types\/post"}],"author":[{"embeddable":true,"href":"https:\/\/www.europesays.com\/pt\/wp-json\/wp\/v2\/users\/2"}],"replies":[{"embeddable":true,"href":"https:\/\/www.europesays.com\/pt\/wp-json\/wp\/v2\/comments?post=113529"}],"version-history":[{"count":0,"href":"https:\/\/www.europesays.com\/pt\/wp-json\/wp\/v2\/posts\/113529\/revisions"}],"wp:featuredmedia":[{"embeddable":true,"href":"https:\/\/www.europesays.com\/pt\/wp-json\/wp\/v2\/media\/113530"}],"wp:attachment":[{"href":"https:\/\/www.europesays.com\/pt\/wp-json\/wp\/v2\/media?parent=113529"}],"wp:term":[{"taxonomy":"category","embeddable":true,"href":"https:\/\/www.europesays.com\/pt\/wp-json\/wp\/v2\/categories?post=113529"},{"taxonomy":"post_tag","embeddable":true,"href":"https:\/\/www.europesays.com\/pt\/wp-json\/wp\/v2\/tags?post=113529"}],"curies":[{"name":"wp","href":"https:\/\/api.w.org\/{rel}","templated":true}]}}