{"id":113543,"date":"2025-10-16T17:58:07","date_gmt":"2025-10-16T17:58:07","guid":{"rendered":"https:\/\/www.europesays.com\/pt\/113543\/"},"modified":"2025-10-16T17:58:07","modified_gmt":"2025-10-16T17:58:07","slug":"remover-e-instalar-cilindros-e-fogoes-com-vale-e-lar-pode-custar-ate-130-euros","status":"publish","type":"post","link":"https:\/\/www.europesays.com\/pt\/113543\/","title":{"rendered":"Remover e instalar cilindros e fog\u00f5es com vale E-Lar pode custar at\u00e9 130 euros"},"content":{"rendered":"<p>O regulamento do programa estipula que a entrega, instala\u00e7\u00e3o e remo\u00e7\u00e3o dos aparelhos antigos sejam feitas pelos fornecedores dos eletrodom\u00e9sticos. O objetivo passa por garantir que as fam\u00edlias beneficiem dos produtos adquiridos, ao mesmo tempo que os antigos s\u00e3o recolhidos e enviados para abate. <strong>De acordo com o levantamento feito pelo JN junto dos maiores comercializadores, os pre\u00e7os com estes servi\u00e7os podem chegar aos 130 euros<\/strong>. O vale s\u00f3 suporta o valor dos consumidores com apoios sociais.<\/p>\n<p data-remotead-prev-elm=\"true\" data-remotead-elm-id=\"inread\">Na R\u00e1dio Popular, por exemplo, a instala\u00e7\u00e3o de um termoacumulador h\u00edbrido de 150 litros, com remo\u00e7\u00e3o de um equipamento a g\u00e1s, custa 129,99 euros. Na Worten, retirar um aparelho e instalar o novo por um t\u00e9cnico especializado vale 89 euros. A Leroy Merlin cobra no m\u00ednimo 54 euros, excluindo do valor o pre\u00e7o de entrega.<\/p>\n<p>Acesso exclusivo a assinantes<\/p>\n<p>Acesso ilimitado a conte\u00fados exclusivos<\/p>\n<p>Navega\u00e7\u00e3o sem publicidade intrusiva<\/p>\n<p>Vers\u00e3o digital do jornal, suplementos e revistas<\/p>\n","protected":false},"excerpt":{"rendered":"O regulamento do programa estipula que a entrega, instala\u00e7\u00e3o e remo\u00e7\u00e3o dos aparelhos antigos sejam feitas pelos fornecedores&hellip;\n","protected":false},"author":2,"featured_media":113544,"comment_status":"","ping_status":"","sticky":false,"template":"","format":"standard","meta":{"footnotes":""},"categories":[83],"tags":[1753,88,8055,89,8224,90,619,32,33],"class_list":{"0":"post-113543","1":"post","2":"type-post","3":"status-publish","4":"format-standard","5":"has-post-thumbnail","7":"category-empresas","8":"tag-artes","9":"tag-business","10":"tag-e-lar","11":"tag-economy","12":"tag-eletrodomesticos","13":"tag-empresas","14":"tag-nacional","15":"tag-portugal","16":"tag-pt"},"share_on_mastodon":{"url":"","error":""},"_links":{"self":[{"href":"https:\/\/www.europesays.com\/pt\/wp-json\/wp\/v2\/posts\/113543","targetHints":{"allow":["GET"]}}],"collection":[{"href":"https:\/\/www.europesays.com\/pt\/wp-json\/wp\/v2\/posts"}],"about":[{"href":"https:\/\/www.europesays.com\/pt\/wp-json\/wp\/v2\/types\/post"}],"author":[{"embeddable":true,"href":"https:\/\/www.europesays.com\/pt\/wp-json\/wp\/v2\/users\/2"}],"replies":[{"embeddable":true,"href":"https:\/\/www.europesays.com\/pt\/wp-json\/wp\/v2\/comments?post=113543"}],"version-history":[{"count":0,"href":"https:\/\/www.europesays.com\/pt\/wp-json\/wp\/v2\/posts\/113543\/revisions"}],"wp:featuredmedia":[{"embeddable":true,"href":"https:\/\/www.europesays.com\/pt\/wp-json\/wp\/v2\/media\/113544"}],"wp:attachment":[{"href":"https:\/\/www.europesays.com\/pt\/wp-json\/wp\/v2\/media?parent=113543"}],"wp:term":[{"taxonomy":"category","embeddable":true,"href":"https:\/\/www.europesays.com\/pt\/wp-json\/wp\/v2\/categories?post=113543"},{"taxonomy":"post_tag","embeddable":true,"href":"https:\/\/www.europesays.com\/pt\/wp-json\/wp\/v2\/tags?post=113543"}],"curies":[{"name":"wp","href":"https:\/\/api.w.org\/{rel}","templated":true}]}}