{"id":113551,"date":"2025-10-16T18:04:23","date_gmt":"2025-10-16T18:04:23","guid":{"rendered":"https:\/\/www.europesays.com\/pt\/113551\/"},"modified":"2025-10-16T18:04:23","modified_gmt":"2025-10-16T18:04:23","slug":"poesia-corpo-e-cotidiano-em-combustao","status":"publish","type":"post","link":"https:\/\/www.europesays.com\/pt\/113551\/","title":{"rendered":"Poesia, corpo e cotidiano em combust\u00e3o"},"content":{"rendered":"<p>Poesia, corpo e cotidiano em combust\u00e3o<\/p>\n<p>PublishNews, Reda\u00e7\u00e3o, 16\/10\/2025<\/p>\n<p>Obra re\u00fane poemas curtos e sint\u00e9ticos, que exploram a for\u00e7a da imag\u00e9tica e das abstra\u00e7\u00f5es livres para transformar pausas banais em instantes de reflex\u00e3o \u00edntima<\/p>\n<p>\t\t\t\t\t\t\t\t\t\t\t\t\t\t\t\t<img loading=\"lazy\" decoding=\"async\" src=\"https:\/\/www.europesays.com\/pt\/wp-content\/uploads\/2025\/10\/CWGP5UwsdE0eJ0LlWth6V2YKgFBeP4hE4uKD9Fl6c9iftJ17J8eevNF1w9Po5MidXQ0NeTW9wfX6Faql.png\" width=\"119\" height=\"179\" \/>O poeta alagoano Erick Sampaio estreia na literatura com o livro No tempo de um cigarro, ou coisas demais para se perderem em minutos (<a href=\"https:\/\/www.publishnews.com.br\/etiquetas\/arpillera\" target=\"_blank\" rel=\"nofollow noopener\">Arpillera<\/a>, 108 pp, R$ 60). A obra re\u00fane poemas curtos e sint\u00e9ticos, que exploram a for\u00e7a da imag\u00e9tica e das abstra\u00e7\u00f5es livres para transformar pausas banais em instantes de reflex\u00e3o \u00edntima. Entre a chama, a fuma\u00e7a e as cinzas, t\u00edtulos das tr\u00eas partes que comp\u00f5em o livro, o autor percorre experi\u00eancias marcadas pelas transi\u00e7\u00f5es de espa\u00e7os, pelos relacionamentos, pela bissexualidade, pela viv\u00eancia racial e pelo corpo inserido na paisagem urbana. Com linguagem direta e ao mesmo tempo profundamente sens\u00edvel, Erick abre brechas para que o cotidiano se revele em sua intensidade po\u00e9tica. A edi\u00e7\u00e3o artesanal do livro traz um detalhe singular: a capa ilustrada pelo pr\u00f3prio autor recebeu um tratamento manual em que um dos cantos \u00e9 queimado de verdade com isqueiro, gesto que tamb\u00e9m se repete nas p\u00e1ginas de abertura de cada parte. Como todas as publica\u00e7\u00f5es da Editora Arpillera, cada exemplar \u00e9 costurado \u00e0 m\u00e3o e numerado, refor\u00e7ando o car\u00e1ter \u00fanico da obra.<\/p>\n","protected":false},"excerpt":{"rendered":"Poesia, corpo e cotidiano em combust\u00e3o PublishNews, Reda\u00e7\u00e3o, 16\/10\/2025 Obra re\u00fane poemas curtos e sint\u00e9ticos, que exploram a&hellip;\n","protected":false},"author":2,"featured_media":17657,"comment_status":"","ping_status":"","sticky":false,"template":"","format":"standard","meta":{"footnotes":""},"categories":[143],"tags":[868,877,867,169,869,872,873,880,114,115,874,870,875,878,879,864,876,237,871,170,865,866,13,32,33],"class_list":{"0":"post-113551","1":"post","2":"type-post","3":"status-publish","4":"format-standard","5":"has-post-thumbnail","7":"category-livros","8":"tag-best-seller","9":"tag-biblioteca","10":"tag-bienal-do-livro","11":"tag-books","12":"tag-clipping","13":"tag-e-book","14":"tag-ebook","15":"tag-editora","16":"tag-entertainment","17":"tag-entretenimento","18":"tag-escritor","19":"tag-eventos","20":"tag-festival-literario","21":"tag-lancamentos","22":"tag-leitura","23":"tag-literatura","24":"tag-livraria","25":"tag-livro","26":"tag-livro-digital","27":"tag-livros","28":"tag-mercado-editorial","29":"tag-mercado-livreiro","30":"tag-noticias","31":"tag-portugal","32":"tag-pt"},"share_on_mastodon":{"url":"","error":""},"_links":{"self":[{"href":"https:\/\/www.europesays.com\/pt\/wp-json\/wp\/v2\/posts\/113551","targetHints":{"allow":["GET"]}}],"collection":[{"href":"https:\/\/www.europesays.com\/pt\/wp-json\/wp\/v2\/posts"}],"about":[{"href":"https:\/\/www.europesays.com\/pt\/wp-json\/wp\/v2\/types\/post"}],"author":[{"embeddable":true,"href":"https:\/\/www.europesays.com\/pt\/wp-json\/wp\/v2\/users\/2"}],"replies":[{"embeddable":true,"href":"https:\/\/www.europesays.com\/pt\/wp-json\/wp\/v2\/comments?post=113551"}],"version-history":[{"count":0,"href":"https:\/\/www.europesays.com\/pt\/wp-json\/wp\/v2\/posts\/113551\/revisions"}],"wp:featuredmedia":[{"embeddable":true,"href":"https:\/\/www.europesays.com\/pt\/wp-json\/wp\/v2\/media\/17657"}],"wp:attachment":[{"href":"https:\/\/www.europesays.com\/pt\/wp-json\/wp\/v2\/media?parent=113551"}],"wp:term":[{"taxonomy":"category","embeddable":true,"href":"https:\/\/www.europesays.com\/pt\/wp-json\/wp\/v2\/categories?post=113551"},{"taxonomy":"post_tag","embeddable":true,"href":"https:\/\/www.europesays.com\/pt\/wp-json\/wp\/v2\/tags?post=113551"}],"curies":[{"name":"wp","href":"https:\/\/api.w.org\/{rel}","templated":true}]}}