{"id":113566,"date":"2025-10-16T18:21:08","date_gmt":"2025-10-16T18:21:08","guid":{"rendered":"https:\/\/www.europesays.com\/pt\/113566\/"},"modified":"2025-10-16T18:21:08","modified_gmt":"2025-10-16T18:21:08","slug":"manuela-moura-guedes-revela-finalmente-a-pessoa-que-a-mandou-embora-da-tvi","status":"publish","type":"post","link":"https:\/\/www.europesays.com\/pt\/113566\/","title":{"rendered":"Manuela Moura Guedes &#8211; Revela finalmente a pessoa que a mandou embora da TVI"},"content":{"rendered":"<p><a href=\"https:\/\/www.novagente.pt\/joao-cotrim-de-figueiredo-presidencia-os-filhos-passagem-pela-tvi-entrevista-exclusiva\" target=\"_blank\" rel=\"nofollow noopener\"><strong>Jo\u00e3o Cotrim Figueiredo<\/strong><\/a>\u00a0marcou presen\u00e7a no <strong>Dois \u00e0s 10\u00a0<\/strong>e <strong>Cristina Ferreira\u00a0<\/strong>teceu rasgados elogios ao candidato \u00e0 <strong>Presid\u00eancia da Rep\u00fablica.<\/strong><\/p>\n<p>&#8220;O Jo\u00e3o passou por esta casa e n\u00e3o h\u00e1 ningu\u00e9m que diga o contr\u00e1rio. O Jo\u00e3o foi das poucas pessoas que sabia o nome de toda a gente e que desde que entrava aqui cumprimentava a empregada de limpeza pelo nome at\u00e9 ao diretor com o maior poder dentro desta casa. E isso pode parecer uma coisa muito simples, mas \u00e9 para muito poucos e diz muito dele&#8221;, revelou a apresentadora.<\/p>\n<p>Quem n\u00e3o ficou indiferente a estas palavras foi <a href=\"https:\/\/www.novagente.pt\/manuela-moura-guedes-critica-anjos-andam-enganar-nos-ha-muitos-anos\" target=\"_blank\" rel=\"nofollow noopener\"><strong>Manuela Moura Guedes<\/strong><\/a>, que revelou que foi o fundador da <strong>Iniciativa Liberal\u00a0<\/strong>quem a mandou embora da <strong>TVI<\/strong>.<\/p>\n<p>&#8220;Este senhor n\u00e3o me inspira confian\u00e7a&#8221;<\/p>\n<p>&#8220;Uma pena \u00e9 o Dr. Cotrim ter sido um pau mandado dos espanh\u00f3is, os donos na altura da Media Capital, e ter mandado a liberdade de imprensa para as urtigas&#8221;, come\u00e7ou por escrever Manuela\u00a0Moura Guedes no Facebook.<\/p>\n<p>&#8220;Foi ele, no meio de amea\u00e7as de processos, que me obrigou a rescindir contrato com a TVI, numa altura muito dif\u00edcil da minha vida profissional&#8221;, sublinhou.<\/p>\n<p>&#8220;A voz do dono falou mais alto do que os princ\u00edpios e a boa gest\u00e3o. O jornal que eu editava era o mais visto de todos os canais portugueses e o que mais receitas dava.\u00a0Quando a um domingo \u00e0 noite (!) fui assinar a rescis\u00e3o, ao escrit\u00f3rio do meu advogado, nem um representante da TVI estava, cobardemente ningu\u00e9m!\u00a0N\u00e3o, este senhor n\u00e3o me inspira confian\u00e7a para Presidente da Rep\u00fablica&#8221;, acrescentou.\u00a0<\/p>\n<p>Texto: Tom\u00e1s Casc\u00e3o; Fotos: Arquivo Impala &amp; Redes sociais<\/p>\n<p class=\"intagram-text\">Siga a Nova Gente no Instagram<\/p>\n<p>                        <a href=\"https:\/\/www.instagram.com\/revistanovagente\/\" target=\"_blank\" aria-label=\"instagram\" rel=\"noopener nofollow\"><img decoding=\"async\" style=\"display: block; margin-left: auto; margin-right: auto; width: 250px; height: 83px;\" src=\"https:\/\/www.europesays.com\/pt\/wp-content\/uploads\/2025\/10\/Instagram_NG.png\" alt=\"instagram\"\/><\/a><br \/>\n                    <script async src=\"\/\/www.instagram.com\/embed.js\"><\/script><\/p>\n","protected":false},"excerpt":{"rendered":"Jo\u00e3o Cotrim Figueiredo\u00a0marcou presen\u00e7a no Dois \u00e0s 10\u00a0e Cristina Ferreira\u00a0teceu rasgados elogios ao candidato \u00e0 Presid\u00eancia da Rep\u00fablica.&hellip;\n","protected":false},"author":2,"featured_media":113567,"comment_status":"","ping_status":"","sticky":false,"template":"","format":"standard","meta":{"footnotes":""},"categories":[145],"tags":[211,210,114,115,9520,16361,32,33],"class_list":{"0":"post-113566","1":"post","2":"type-post","3":"status-publish","4":"format-standard","5":"has-post-thumbnail","7":"category-celebridades","8":"tag-celebridades","9":"tag-celebrities","10":"tag-entertainment","11":"tag-entretenimento","12":"tag-joao-cotrim-figueiredo","13":"tag-manuela-moura-guedes","14":"tag-portugal","15":"tag-pt"},"share_on_mastodon":{"url":"","error":""},"_links":{"self":[{"href":"https:\/\/www.europesays.com\/pt\/wp-json\/wp\/v2\/posts\/113566","targetHints":{"allow":["GET"]}}],"collection":[{"href":"https:\/\/www.europesays.com\/pt\/wp-json\/wp\/v2\/posts"}],"about":[{"href":"https:\/\/www.europesays.com\/pt\/wp-json\/wp\/v2\/types\/post"}],"author":[{"embeddable":true,"href":"https:\/\/www.europesays.com\/pt\/wp-json\/wp\/v2\/users\/2"}],"replies":[{"embeddable":true,"href":"https:\/\/www.europesays.com\/pt\/wp-json\/wp\/v2\/comments?post=113566"}],"version-history":[{"count":0,"href":"https:\/\/www.europesays.com\/pt\/wp-json\/wp\/v2\/posts\/113566\/revisions"}],"wp:featuredmedia":[{"embeddable":true,"href":"https:\/\/www.europesays.com\/pt\/wp-json\/wp\/v2\/media\/113567"}],"wp:attachment":[{"href":"https:\/\/www.europesays.com\/pt\/wp-json\/wp\/v2\/media?parent=113566"}],"wp:term":[{"taxonomy":"category","embeddable":true,"href":"https:\/\/www.europesays.com\/pt\/wp-json\/wp\/v2\/categories?post=113566"},{"taxonomy":"post_tag","embeddable":true,"href":"https:\/\/www.europesays.com\/pt\/wp-json\/wp\/v2\/tags?post=113566"}],"curies":[{"name":"wp","href":"https:\/\/api.w.org\/{rel}","templated":true}]}}