{"id":113568,"date":"2025-10-16T18:22:10","date_gmt":"2025-10-16T18:22:10","guid":{"rendered":"https:\/\/www.europesays.com\/pt\/113568\/"},"modified":"2025-10-16T18:22:10","modified_gmt":"2025-10-16T18:22:10","slug":"ja-e-conhecida-a-fotografia-vencedora-do-wildlife-photographer-of-the-year-veja-a-imagem","status":"publish","type":"post","link":"https:\/\/www.europesays.com\/pt\/113568\/","title":{"rendered":"J\u00e1 \u00e9 conhecida a fotografia vencedora do &#8216;Wildlife Photographer of the Year&#8217;: veja a imagem"},"content":{"rendered":"<p>Uma hiena parada ao lado das ru\u00ednas de um assentamento abandonado de minera\u00e7\u00e3o de diamantes rendeu ao fot\u00f3grafo de vida selvagem Wim van den Heever o t\u00edtulo de \u2018Fot\u00f3grafo de Vida Selvagem do Ano\u2019. Para conseguir a fotografia foram necess\u00e1rios 10 anos, revelou o autor, que montou a sua armadilha fotogr\u00e1fica ap\u00f3s avistar pegadas recentes de uma hiena na cidade fantasma de Kolmanskop, na Nam\u00edbia.<\/p>\n<blockquote class=\"instagram-media\" data-instgrm-captioned=\"\" data-instgrm-permalink=\"https:\/\/www.instagram.com\/p\/DPznbIUCCOl\/?utm_source=ig_embed&amp;utm_campaign=loading\" data-instgrm-version=\"14\" style=\" background:#FFF; border:0; border-radius:3px; box-shadow:0 0 1px 0 rgba(0,0,0,0.5),0 1px 10px 0 rgba(0,0,0,0.15); margin: 1px; max-width:540px; min-width:326px; padding:0; width:99.375%; width:-webkit-calc(100% - 2px); width:calc(100% - 2px);\">\n<\/blockquote>\n<p>A hiena-castanha, a mais rara de todas as esp\u00e9cies de hiena, tem h\u00e1bitos predominantemente noturnos e tende a viver uma vida solit\u00e1ria. Durante anos, Van den Heever vasculhou a cidade deserta, encontrando apenas vest\u00edgios do esquivo animal. \u201cEu sabia que eles estavam l\u00e1, mas fotografar um deles nunca iria acontecer\u201d, admitiu o laureado, que recebeu o pr\u00e9mio no Museu de Hist\u00f3ria Natural de Londres.<\/p>\n<p>A exposi\u00e7\u00e3o anual dedicada \u00e0 competi\u00e7\u00e3o abre no Museu de Hist\u00f3ria Natural esta sexta-feira.<\/p>\n<p>Veja as demais fotografias:<\/p>\n<blockquote class=\"instagram-media\" data-instgrm-captioned=\"\" data-instgrm-permalink=\"https:\/\/www.instagram.com\/reel\/DP09hMfjSMc\/?utm_source=ig_embed&amp;utm_campaign=loading\" data-instgrm-version=\"14\" style=\" background:#FFF; border:0; border-radius:3px; box-shadow:0 0 1px 0 rgba(0,0,0,0.5),0 1px 10px 0 rgba(0,0,0,0.15); margin: 1px; max-width:540px; min-width:326px; padding:0; width:99.375%; width:-webkit-calc(100% - 2px); width:calc(100% - 2px);\">\n<\/blockquote>\n<blockquote class=\"instagram-media\" data-instgrm-captioned=\"\" data-instgrm-permalink=\"https:\/\/www.instagram.com\/p\/DPzn8FFCHVX\/?utm_source=ig_embed&amp;utm_campaign=loading\" data-instgrm-version=\"14\" style=\" background:#FFF; border:0; border-radius:3px; box-shadow:0 0 1px 0 rgba(0,0,0,0.5),0 1px 10px 0 rgba(0,0,0,0.15); margin: 1px; max-width:540px; min-width:326px; padding:0; width:99.375%; width:-webkit-calc(100% - 2px); width:calc(100% - 2px);\">\n<\/blockquote>\n<p><script async src=\"\/\/www.instagram.com\/embed.js\"><\/script><\/p>\n","protected":false},"excerpt":{"rendered":"Uma hiena parada ao lado das ru\u00ednas de um assentamento abandonado de minera\u00e7\u00e3o de diamantes rendeu ao fot\u00f3grafo&hellip;\n","protected":false},"author":2,"featured_media":113569,"comment_status":"","ping_status":"","sticky":false,"template":"","format":"standard","meta":{"footnotes":""},"categories":[144],"tags":[207,205,206,203,201,202,204,114,115,32,33],"class_list":{"0":"post-113568","1":"post","2":"type-post","3":"status-publish","4":"format-standard","5":"has-post-thumbnail","7":"category-arte-e-design","8":"tag-arte","9":"tag-arte-e-design","10":"tag-artedesign","11":"tag-arts","12":"tag-arts-and-design","13":"tag-artsanddesign","14":"tag-design","15":"tag-entertainment","16":"tag-entretenimento","17":"tag-portugal","18":"tag-pt"},"share_on_mastodon":{"url":"","error":""},"_links":{"self":[{"href":"https:\/\/www.europesays.com\/pt\/wp-json\/wp\/v2\/posts\/113568","targetHints":{"allow":["GET"]}}],"collection":[{"href":"https:\/\/www.europesays.com\/pt\/wp-json\/wp\/v2\/posts"}],"about":[{"href":"https:\/\/www.europesays.com\/pt\/wp-json\/wp\/v2\/types\/post"}],"author":[{"embeddable":true,"href":"https:\/\/www.europesays.com\/pt\/wp-json\/wp\/v2\/users\/2"}],"replies":[{"embeddable":true,"href":"https:\/\/www.europesays.com\/pt\/wp-json\/wp\/v2\/comments?post=113568"}],"version-history":[{"count":0,"href":"https:\/\/www.europesays.com\/pt\/wp-json\/wp\/v2\/posts\/113568\/revisions"}],"wp:featuredmedia":[{"embeddable":true,"href":"https:\/\/www.europesays.com\/pt\/wp-json\/wp\/v2\/media\/113569"}],"wp:attachment":[{"href":"https:\/\/www.europesays.com\/pt\/wp-json\/wp\/v2\/media?parent=113568"}],"wp:term":[{"taxonomy":"category","embeddable":true,"href":"https:\/\/www.europesays.com\/pt\/wp-json\/wp\/v2\/categories?post=113568"},{"taxonomy":"post_tag","embeddable":true,"href":"https:\/\/www.europesays.com\/pt\/wp-json\/wp\/v2\/tags?post=113568"}],"curies":[{"name":"wp","href":"https:\/\/api.w.org\/{rel}","templated":true}]}}